{"id":95040,"date":"2022-01-27T08:38:30","date_gmt":"2022-01-27T07:38:30","guid":{"rendered":"http:\/\/www.messinaoggi.it\/website\/?p=95040"},"modified":"2022-01-27T08:57:27","modified_gmt":"2022-01-27T07:57:27","slug":"rischio-default-de-luca-cambia-strategia","status":"publish","type":"post","link":"https:\/\/www.messinaoggi.it\/website\/2022\/01\/27\/rischio-default-de-luca-cambia-strategia\/","title":{"rendered":"Rischio default, Cateno De Luca cambia strategia"},"content":{"rendered":"\n<p>Il fallimento delle casse comunali incombe come un macigno sulla testa del sindaco Cateno De Luca che adesso \u00e8 costretto a cambiare strategia. Ha infatti annunciato che in caso di bocciatura del Piano di riequilibrio si candider\u00e0 nuovamente a sindaco di Messina rinunciando alla corsa alla presidenza della Regione Sicilia.<div id=\"div-gpt-ad-Messinaoggi.it-DSK-300x250-corpoart\" style=\"text-align:center;margin:0 auto;\"><\/div><\/p>\n\n\n\n<figure class=\"wp-block-image size-large\"><img loading=\"lazy\" width=\"1844\" height=\"1108\" src=\"http:\/\/www.messinaoggi.it\/website\/wp-content\/uploads\/2021\/02\/1E65085D-7FBA-463C-9CC7-BEE9F869A313-e1623240121830.jpeg\" alt=\"\" class=\"wp-image-53542\"\/><figcaption><strong><em>De Luca annuncia che non si dimetter\u00e0 in caso di bocciatura del Piano di riequilibrio<\/em><\/strong><\/figcaption><\/figure>\n\n\n\n<p>La sicumera di De Luca comincia a vacillare al cospetto di un rischio che lo metterebbe ko da un punto di vista politico. Se verranno confermate, con il sindaco la citt\u00e0 ormai \u00e8 abituata alle farse, le dimissioni diventeranno efficaci a far data dal 15 febbraio, giorno in cui dovrebbe traslocare dagli uffici di Palazzo Zanca.<div id=\"videoincontent\" style=\"clear:both\";><\/div><\/p>\n\n\n\n<p>In questo caso, il timone del Comune passer\u00e0 nelle mani di un Commissario che sar\u00e0 indicato da Nello Musumeci. Se ritirer\u00e0 le dimissioni, invece, continuer\u00e0 a fare il sindaco fino alla scadenza naturale.<\/p>\n\n\n\n<p>Ma sulla fissazione delle eventuali nuove elezioni incombe anche il referendum per il Comune Monte-Mare: il Comitato, dopo che De Luca ha fatto di tutto per bloccare il referendum, ha infatti ottenuto la nomina di un Commissario e la consultazione referendaria dovr\u00e0 tenersi la prossima primavera. Se il referendum passer\u00e0 dovr\u00e0 essere ridisegnato il corpo elettorale di Messina e questo potrebbe fare slittare di sei mesi le nuove elezioni.<\/p>\n\n\n\n<p>Insomma, il futuro di De Luca e della citt\u00e0 di Messina \u00e8 tutta un&#8217;incognita. Di sicuro c&#8217;\u00e8 solo che il sindaco politicamente \u00e8 &#8220;azzoppato&#8221; dai rilievi mossi dalla Corte dei Conti sul Piano di riequlibrio che evidentemente, checch\u00e9 ne possa dire De Luca, \u00e8 decisamente carente.<\/p>\n\n\n\n<p class=\"has-text-align-center\"><strong>Davide Gambale<\/strong><\/p>\n","protected":false},"excerpt":{"rendered":"<p>Il fallimento delle casse comunali incombe come un macigno sulla testa del sindaco Cateno De Luca che adesso \u00e8 costretto a cambiare strategia. Ha infatti annunciato che in caso di bocciatura del Piano di riequilibrio si candider\u00e0 nuovamente a sindaco di Messina rinunciando alla corsa alla presidenza della Regione Sicilia. La sicumera di De Luca [&hellip;]<\/p>\n","protected":false},"author":2,"featured_media":33613,"comment_status":"open","ping_status":"open","sticky":false,"template":"","format":"standard","meta":{"ub_ctt_via":"","_mi_skip_tracking":false},"categories":[19],"tags":[126,25,165,3880,611,3914],"featured_image_src":"https:\/\/www.messinaoggi.it\/website\/wp-content\/uploads\/2019\/06\/8D23C2E4-DE30-44F1-B1FE-05C48E9F7F14.jpeg","author_info":{"display_name":"Redazione","author_link":"https:\/\/www.messinaoggi.it\/website\/author\/redazione\/"},"digistream_id":0,"digistream":false,"_links":{"self":[{"href":"https:\/\/www.messinaoggi.it\/website\/wp-json\/wp\/v2\/posts\/95040"}],"collection":[{"href":"https:\/\/www.messinaoggi.it\/website\/wp-json\/wp\/v2\/posts"}],"about":[{"href":"https:\/\/www.messinaoggi.it\/website\/wp-json\/wp\/v2\/types\/post"}],"author":[{"embeddable":true,"href":"https:\/\/www.messinaoggi.it\/website\/wp-json\/wp\/v2\/users\/2"}],"replies":[{"embeddable":true,"href":"https:\/\/www.messinaoggi.it\/website\/wp-json\/wp\/v2\/comments?post=95040"}],"version-history":[{"count":2,"href":"https:\/\/www.messinaoggi.it\/website\/wp-json\/wp\/v2\/posts\/95040\/revisions"}],"predecessor-version":[{"id":95048,"href":"https:\/\/www.messinaoggi.it\/website\/wp-json\/wp\/v2\/posts\/95040\/revisions\/95048"}],"wp:featuredmedia":[{"embeddable":true,"href":"https:\/\/www.messinaoggi.it\/website\/wp-json\/wp\/v2\/media\/33613"}],"wp:attachment":[{"href":"https:\/\/www.messinaoggi.it\/website\/wp-json\/wp\/v2\/media?parent=95040"}],"wp:term":[{"taxonomy":"category","embeddable":true,"href":"https:\/\/www.messinaoggi.it\/website\/wp-json\/wp\/v2\/categories?post=95040"},{"taxonomy":"post_tag","embeddable":true,"href":"https:\/\/www.messinaoggi.it\/website\/wp-json\/wp\/v2\/tags?post=95040"}],"curies":[{"name":"wp","href":"https:\/\/api.w.org\/{rel}","templated":true}]}}