{"id":95030,"date":"2022-01-26T23:07:41","date_gmt":"2022-01-26T22:07:41","guid":{"rendered":"https:\/\/www.messinaoggi.it\/website\/2022\/01\/26\/quirinale-solinas-chi-eletto-sara-40-capo-stato-nato-in-sardegna\/"},"modified":"2022-01-26T23:07:41","modified_gmt":"2022-01-26T22:07:41","slug":"quirinale-solinas-chi-eletto-sara-40-capo-stato-nato-in-sardegna","status":"publish","type":"post","link":"https:\/\/www.messinaoggi.it\/website\/2022\/01\/26\/quirinale-solinas-chi-eletto-sara-40-capo-stato-nato-in-sardegna\/","title":{"rendered":"Quirinale, Solinas \u201cChi eletto sar\u00e0 40^ capo Stato nato in Sardegna\u201d"},"content":{"rendered":"<div>CAGLIARI (ITALPRESS) &#8211; &#8220;Non sar\u00e0 solo il 14mo presidente della Repubblica Italiana, ma pi\u00f9 correttamente il 40mo capo di quello Stato che, nato il 19 giugno 1324 a Cagliari-Bonaria, vive da allora e fino ai nostri giorni senza soluzione di continuit\u00e0&#8221;.<br \/>Cos\u00ec il presidente della Regione Sardegna, Christian Solinas, sottolinea il particolare significato che questa elezione assume per la Sardegna e per i Sardi. &#8220;Quasi 700 anni di storia d&#8217;Italia &#8211; ricorda Solinas &#8211; che ha nel suo Dna la nostra Isola, protagonista non solo della sua fondazione statuale, voluta da Papa Bonifacio VIII che infeud\u00f2 lo Stato a Giacomo I (II d&#8217;Aragona), ma di tutte le sue fasi storiche nel corso dei secoli. Dalla sua istituzione, fino alla trasformazione nominale in Regno d&#8217;Italia nel 1861 dopo l&#8217;annessione di tutti i sei Stati peninsulari preunitari, e fino al referendum popolare del 1946 che lo ha trasformato in Repubblica Italiana, ci\u00f2 che ha sostenuto lo Stato sardo nel corso del tempo \u00e8 stato comunque un cambiamento costituzionale che non ha interrotto la continuit\u00e0 storica dello Stato stesso, di cui siamo tutti noi cittadini, insulari e peninsulari. Una piena e ininterrotta continuit\u00e0 &#8211; prosegue Solinas &#8211; che, come pi\u00f9 volte attestato dallo storico Francesco Cesare Casula, ha nella Sardegna una figura di assoluto e primario risalto. Sono onorato di rappresentare, insieme agli altri rappresentanti della nostra Regione, non solo l&#8217;Istituzione Autonomistica, ma anche ogni singolo cittadino sardo, condividendone le giuste speranze e aspettative nei confronti della persona che assumer\u00e0 l&#8217;alto onore di rappresentare l&#8217;intero Paese, a partire dal ripristinare questa verit\u00e0 storica restituendo all&#8217;Isola il giusto ruolo che le compete nella costruzione dello Stato che oggi tutti conoscono e per il quale specialmente i Sardi, in ogni tempo e da ultimo nella Prima Grande Guerra, hanno pagato un costante tributo, anche di sangue, troppo spesso dimenticato&#8221;.<br \/>(ITALPRESS).<\/div>\n<div id=\"div-gpt-ad-Messinaoggi.it-DSK-300x250-corpoart\" style=\"text-align:center;margin:0 auto;\"><\/div><\/p><div id=\"videoincontent\" style=\"clear:both\";><\/div>","protected":false},"excerpt":{"rendered":"<p>CAGLIARI (ITALPRESS) &#8211; &#8220;Non sar\u00e0 solo il 14mo presidente della Repubblica Italiana, ma pi\u00f9 correttamente il 40mo capo di quello Stato che, nato il 19 giugno 1324 a Cagliari-Bonaria, vive da allora e fino ai nostri giorni senza soluzione di continuit\u00e0&#8221;.Cos\u00ec il presidente della Regione Sardegna, Christian Solinas, sottolinea il particolare significato che questa elezione [&hellip;]<\/p>\n","protected":false},"author":18,"featured_media":95031,"comment_status":"closed","ping_status":"closed","sticky":false,"template":"","format":"standard","meta":{"ub_ctt_via":"","_mi_skip_tracking":false},"categories":[446],"tags":[783],"featured_image_src":"https:\/\/www.messinaoggi.it\/website\/wp-content\/uploads\/2022\/01\/20220126_2456.jpg","author_info":{"display_name":"Admin","author_link":"https:\/\/www.messinaoggi.it\/website\/author\/admin\/"},"digistream_id":0,"digistream":false,"_links":{"self":[{"href":"https:\/\/www.messinaoggi.it\/website\/wp-json\/wp\/v2\/posts\/95030"}],"collection":[{"href":"https:\/\/www.messinaoggi.it\/website\/wp-json\/wp\/v2\/posts"}],"about":[{"href":"https:\/\/www.messinaoggi.it\/website\/wp-json\/wp\/v2\/types\/post"}],"author":[{"embeddable":true,"href":"https:\/\/www.messinaoggi.it\/website\/wp-json\/wp\/v2\/users\/18"}],"replies":[{"embeddable":true,"href":"https:\/\/www.messinaoggi.it\/website\/wp-json\/wp\/v2\/comments?post=95030"}],"version-history":[{"count":0,"href":"https:\/\/www.messinaoggi.it\/website\/wp-json\/wp\/v2\/posts\/95030\/revisions"}],"wp:featuredmedia":[{"embeddable":true,"href":"https:\/\/www.messinaoggi.it\/website\/wp-json\/wp\/v2\/media\/95031"}],"wp:attachment":[{"href":"https:\/\/www.messinaoggi.it\/website\/wp-json\/wp\/v2\/media?parent=95030"}],"wp:term":[{"taxonomy":"category","embeddable":true,"href":"https:\/\/www.messinaoggi.it\/website\/wp-json\/wp\/v2\/categories?post=95030"},{"taxonomy":"post_tag","embeddable":true,"href":"https:\/\/www.messinaoggi.it\/website\/wp-json\/wp\/v2\/tags?post=95030"}],"curies":[{"name":"wp","href":"https:\/\/api.w.org\/{rel}","templated":true}]}}