{"id":95028,"date":"2022-01-26T23:07:40","date_gmt":"2022-01-26T22:07:40","guid":{"rendered":"https:\/\/www.messinaoggi.it\/website\/2022\/01\/26\/quirinale-letta-non-ci-sara-un-presidente-di-destra\/"},"modified":"2022-01-26T23:07:40","modified_gmt":"2022-01-26T22:07:40","slug":"quirinale-letta-non-ci-sara-un-presidente-di-destra","status":"publish","type":"post","link":"https:\/\/www.messinaoggi.it\/website\/2022\/01\/26\/quirinale-letta-non-ci-sara-un-presidente-di-destra\/","title":{"rendered":"Quirinale, Letta \u201cNon ci sar\u00e0 un presidente di destra\u201d"},"content":{"rendered":"<div>ROMA (ITALPRESS) &#8211; &#8220;A differenza degli altri, noi siamo partiti con i quattro punti cardinali della nostra bussola e stiamo arrivando con gli stessi punti cardinali. Questo lo rivendico: grazie alla nostra fermezza il centrodestra ha fatto i conti con la realt\u00e0. Perch\u00e8 qualunque presidente voteremo venerd\u00ec &#8211; qualcuno di noi sar\u00e0 contento, qualcuno altro meno &#8211; l&#8217;obiettivo pi\u00f9 grande lo avremo raggiunto: tramontata la candidatura di parte, si negozier\u00e0 infatti un nome non di parte e autorevole. E questa \u00e8 una nostra vittoria: non ci sar\u00e0 un presidente di destra&#8221;. Cos\u00ec, secondo quanto si apprende, il segretario del Pd Enrico Letta, parlando all&#8217;assemblea dei grandi elettori del partito. &#8220;L&#8217;accordo per il Colle deve tenere insieme tutta la maggioranza&#8221;, ha aggiunto. &#8220;Domani giornata di dibattiti. Stasera riflessione sullo stato dell&#8217;arte. Se non ci saranno novit\u00e0 entro domattina confermero la scheda bianca&#8221;, ha detto Letta. &#8220;E&#8217; una trattativa difficile perch\u00e8 dal centrodestra sono arrivati tutti no. Ma lo schema di lavoro \u00e8 stato diverso: i nostri no erano pubblici, i loro una lunga sfilza di no privati. Spero che almeno uno dei loro no si trasformi in s\u00ec. Per ora il centrodestra nella sua interezza ha detto di no a tutte le nostre ipotesi di personalit\u00e0 terze: Mattarella, Draghi, Amato, Casini, Cartabia, Riccardi&#8221;, ha sottolineato.<br \/>\n(ITALPRESS).<\/div>\n<div id=\"div-gpt-ad-Messinaoggi.it-DSK-300x250-corpoart\" style=\"text-align:center;margin:0 auto;\"><\/div><\/p><div id=\"videoincontent\" style=\"clear:both\";><\/div>","protected":false},"excerpt":{"rendered":"<p>ROMA (ITALPRESS) &#8211; &#8220;A differenza degli altri, noi siamo partiti con i quattro punti cardinali della nostra bussola e stiamo arrivando con gli stessi punti cardinali. Questo lo rivendico: grazie alla nostra fermezza il centrodestra ha fatto i conti con la realt\u00e0. Perch\u00e8 qualunque presidente voteremo venerd\u00ec &#8211; qualcuno di noi sar\u00e0 contento, qualcuno altro [&hellip;]<\/p>\n","protected":false},"author":18,"featured_media":95029,"comment_status":"closed","ping_status":"closed","sticky":false,"template":"","format":"standard","meta":{"ub_ctt_via":"","_mi_skip_tracking":false},"categories":[446],"tags":[783],"featured_image_src":"https:\/\/www.messinaoggi.it\/website\/wp-content\/uploads\/2022\/01\/20220126_2431.jpg","author_info":{"display_name":"Admin","author_link":"https:\/\/www.messinaoggi.it\/website\/author\/admin\/"},"digistream_id":0,"digistream":false,"_links":{"self":[{"href":"https:\/\/www.messinaoggi.it\/website\/wp-json\/wp\/v2\/posts\/95028"}],"collection":[{"href":"https:\/\/www.messinaoggi.it\/website\/wp-json\/wp\/v2\/posts"}],"about":[{"href":"https:\/\/www.messinaoggi.it\/website\/wp-json\/wp\/v2\/types\/post"}],"author":[{"embeddable":true,"href":"https:\/\/www.messinaoggi.it\/website\/wp-json\/wp\/v2\/users\/18"}],"replies":[{"embeddable":true,"href":"https:\/\/www.messinaoggi.it\/website\/wp-json\/wp\/v2\/comments?post=95028"}],"version-history":[{"count":0,"href":"https:\/\/www.messinaoggi.it\/website\/wp-json\/wp\/v2\/posts\/95028\/revisions"}],"wp:featuredmedia":[{"embeddable":true,"href":"https:\/\/www.messinaoggi.it\/website\/wp-json\/wp\/v2\/media\/95029"}],"wp:attachment":[{"href":"https:\/\/www.messinaoggi.it\/website\/wp-json\/wp\/v2\/media?parent=95028"}],"wp:term":[{"taxonomy":"category","embeddable":true,"href":"https:\/\/www.messinaoggi.it\/website\/wp-json\/wp\/v2\/categories?post=95028"},{"taxonomy":"post_tag","embeddable":true,"href":"https:\/\/www.messinaoggi.it\/website\/wp-json\/wp\/v2\/tags?post=95028"}],"curies":[{"name":"wp","href":"https:\/\/api.w.org\/{rel}","templated":true}]}}