{"id":95010,"date":"2022-01-26T20:07:37","date_gmt":"2022-01-26T19:07:37","guid":{"rendered":"https:\/\/www.messinaoggi.it\/website\/2022\/01\/26\/barilla-festeggia-i-suoi-145-anni-e-svela-il-nuovo-logo\/"},"modified":"2022-01-26T20:07:37","modified_gmt":"2022-01-26T19:07:37","slug":"barilla-festeggia-i-suoi-145-anni-e-svela-il-nuovo-logo","status":"publish","type":"post","link":"https:\/\/www.messinaoggi.it\/website\/2022\/01\/26\/barilla-festeggia-i-suoi-145-anni-e-svela-il-nuovo-logo\/","title":{"rendered":"Barilla festeggia i suoi 145 anni e svela il nuovo logo"},"content":{"rendered":"<div>PARMA (ITALPRESS) &#8211; Il 2022 \u00e8 l&#8217;anno in cui Barilla celebra il suo 145\u00b0 anniversario. Una ricorrenza che segna un cambiamento della immagine della marca, che si radica nel posizionamento di &#8220;Un Gesto d&#8217;Amore&#8221; portando al centro il valore emozionale della pasta. Dopo 25 anni, Barilla lancia cos\u00ec un nuovo logo e un nuovo pack come &#8220;Gesto d&#8217;Amore per il Pianeta&#8221;.<br \/>&#8220;Questa nuova visual identity e l&#8217;impegno verso la sostenibilit\u00e0, avvicinano ancora di pi\u00f9 il brand Barilla alla nostra visione di futuro &#8211; afferma Gianluca Di Tondo, Global Chief Marketing Officer Barilla -: la pasta come gesto d&#8217;amore non solo per le persone ma anche per il pianeta, grazie a scelte quotidiane pi\u00f9 consapevoli. Oggi celebriamo i nostri 145 anni, abbracciando le sfide dei nostri tempi per evolvere come Marca insieme alle persone&#8221;.<br \/>Il nuovo logo Barilla, che si riconferma rosso e ovale, si rinnova in alcuni aspetti. Il nuovo ovale perde la sua componente bianca, storico riferimento alla pasta all&#8217;uovo, per descrivere al meglio l&#8217;ampia offerta del brand, pi\u00f9 differenziata e inclusiva per rispondere ai bisogni in evoluzione del consumatore, come ad esempio la pasta integrale e la pasta senza glutine. Un rosso pi\u00f9 intenso e premium \u00e8 stato scelto per esprimere l&#8217;amore di Barilla per la pasta. Al contempo, il logotipo \u00e8 stato ridisegnato con l&#8217;intento di rinnovare i codici estetici. &#8220;Inoltre, il nuovo logo celebra l&#8217;eredit\u00e0 del brand, punto fermo della storia italiana e simbolo da sempre di un Gesto d&#8217;Amore a tavola, introducendo l&#8217;anno di fondazione &#8211; 1877 &#8211; e il marchio registrato che ne enfatizza l&#8217;autenticit\u00e0&#8221;, si legge in una nota.<br \/>Barilla \u00e8 stato uno dei primi brand food a utilizzare confezioni in carta per la pasta: confezioni che si sono evolute con il passare del tempo, accompagnando le diverse epoche della storia italiana. Con la nuova visual identity, Barilla rimuove la finestra in plastica dalla confezione della gamma Barilla Classica, riducendo significativamente l&#8217;uso di questo materiale in diversi paesi in cui opera, tra cui l&#8217;Italia, con una diminuzione di circa 126.000 kg totali all&#8217;anno. Le nuove confezioni, completamente riciclabili e prodotte con cartone proveniente da foreste gestite responsabilmente, saranno presenti in Italia a partire dalla seconda met\u00e0 del 2022.<br \/>Sul fronte del prodotto, Barilla lancia &#8220;Al Bronzo&#8221;, che ricrea la lavorazione grezza, attingendo dal metodo tradizionale della trafilatura al bronzo: l&#8217;impasto viene estruso attraverso trafile al bronzo con inserti arricchiti di filettature che aumentano la resistenza al passaggio dell&#8217;impasto, disegnando cos\u00ec sulla sua superficie una &#8220;rete di microincisioni&#8221;.<br \/>Il risultato \u00e8 una pasta dalla ruvidit\u00e0 intensa e dal colore giallo ambrato. Grazie alle rigature, ai solchi e alle curvature della sua struttura e grazie alla sua corposit\u00e0, Al Bronzo trattiene al meglio i condimenti. Al Bronzo combina differenti variet\u00e0 100% italiane di grano duro, selezionate per la loro qualit\u00e0 e per l&#8217;elevato contenuto proteico (oltre il 14%).<br \/>Come spiega Ilaria Lodigiani, VP Global Marketing Barilla, &#8220;in tempi di grande cambiamento per le persone, da un punto di vista culturale e di stile di vita, il 2022 sar\u00e0 un anno di grandi novit\u00e0 per il brand Barilla. Il lancio di Al Bronzo rappresenta un passo in avanti nel cammino continuo verso l&#8217;innovazione. Grazie a questa nuova gamma, oggi annunciamo una nuova era per la pasta Barilla, pronti a fare la differenza, in nome di un&#8217;eccellenza tutta italiana e di un&#8217;intensit\u00e0 di gusto che sorprender\u00e0 i nostri consumatori&#8221;.<br \/>Tra le novit\u00e0 in programma nel nuovo anno, anche la riapertura di Bottega Barilla a Parma, che avverr\u00e0 in primavera. Barilla ha deciso di tornare al luogo in cui \u00e8 iniziata la sua storia: la prima bottega inaugurata dal fondatore Pietro Barilla senior nel 1877. Oggi, quella piccola bottega torna a essere La Bottega &#8211; uno spazio aperto a tutti, dove passato e futuro s&#8217;incontrano nel presente, con un viaggio sensoriale alla scoperta della nuova &#8220;Al Bronzo&#8221;. E nel retro, dentro all&#8217;antico laboratorio, nelle occasioni pi\u00f9 speciali saranno protagonisti gli Chef Barilla.<br \/>(ITALPRESS).<\/div>\n<div id=\"div-gpt-ad-Messinaoggi.it-DSK-300x250-corpoart\" style=\"text-align:center;margin:0 auto;\"><\/div><\/p><div id=\"videoincontent\" style=\"clear:both\";><\/div>","protected":false},"excerpt":{"rendered":"<p>PARMA (ITALPRESS) &#8211; Il 2022 \u00e8 l&#8217;anno in cui Barilla celebra il suo 145\u00b0 anniversario. Una ricorrenza che segna un cambiamento della immagine della marca, che si radica nel posizionamento di &#8220;Un Gesto d&#8217;Amore&#8221; portando al centro il valore emozionale della pasta. Dopo 25 anni, Barilla lancia cos\u00ec un nuovo logo e un nuovo pack [&hellip;]<\/p>\n","protected":false},"author":18,"featured_media":95011,"comment_status":"closed","ping_status":"closed","sticky":false,"template":"","format":"standard","meta":{"ub_ctt_via":"","_mi_skip_tracking":false},"categories":[446],"tags":[783],"featured_image_src":"https:\/\/www.messinaoggi.it\/website\/wp-content\/uploads\/2022\/01\/20220126_2177.jpg","author_info":{"display_name":"Admin","author_link":"https:\/\/www.messinaoggi.it\/website\/author\/admin\/"},"digistream_id":0,"digistream":false,"_links":{"self":[{"href":"https:\/\/www.messinaoggi.it\/website\/wp-json\/wp\/v2\/posts\/95010"}],"collection":[{"href":"https:\/\/www.messinaoggi.it\/website\/wp-json\/wp\/v2\/posts"}],"about":[{"href":"https:\/\/www.messinaoggi.it\/website\/wp-json\/wp\/v2\/types\/post"}],"author":[{"embeddable":true,"href":"https:\/\/www.messinaoggi.it\/website\/wp-json\/wp\/v2\/users\/18"}],"replies":[{"embeddable":true,"href":"https:\/\/www.messinaoggi.it\/website\/wp-json\/wp\/v2\/comments?post=95010"}],"version-history":[{"count":0,"href":"https:\/\/www.messinaoggi.it\/website\/wp-json\/wp\/v2\/posts\/95010\/revisions"}],"wp:featuredmedia":[{"embeddable":true,"href":"https:\/\/www.messinaoggi.it\/website\/wp-json\/wp\/v2\/media\/95011"}],"wp:attachment":[{"href":"https:\/\/www.messinaoggi.it\/website\/wp-json\/wp\/v2\/media?parent=95010"}],"wp:term":[{"taxonomy":"category","embeddable":true,"href":"https:\/\/www.messinaoggi.it\/website\/wp-json\/wp\/v2\/categories?post=95010"},{"taxonomy":"post_tag","embeddable":true,"href":"https:\/\/www.messinaoggi.it\/website\/wp-json\/wp\/v2\/tags?post=95010"}],"curies":[{"name":"wp","href":"https:\/\/api.w.org\/{rel}","templated":true}]}}