{"id":94952,"date":"2022-01-26T15:07:34","date_gmt":"2022-01-26T14:07:34","guid":{"rendered":"https:\/\/www.messinaoggi.it\/website\/2022\/01\/26\/mancini-balotelli-nessuna-promessa-voglio-vedere-come-sta\/"},"modified":"2022-01-26T15:07:34","modified_gmt":"2022-01-26T14:07:34","slug":"mancini-balotelli-nessuna-promessa-voglio-vedere-come-sta","status":"publish","type":"post","link":"https:\/\/www.messinaoggi.it\/website\/2022\/01\/26\/mancini-balotelli-nessuna-promessa-voglio-vedere-come-sta\/","title":{"rendered":"Mancini \u201cBalotelli? Nessuna promessa, voglio vedere come sta\u201d"},"content":{"rendered":"<div>FIRENZE (ITALPRESS) &#8211; &#8220;Questo \u00e8 uno stage e viste anche le defezioni che abbiamo avuto nei mesi di ottobre-novembre penso che fosse giusto valutare tante situazioni e quella di Mario rientrava fra queste. A livello tecnico \u00e8 sempre stato un giocatore bravo, bisogna vedere come sta fisicamente. Noi lo abbiamo perso un p\u00f2 di vista, lo stiamo seguendo un p\u00f2, come stiamo seguendo tutti, ma non sappiamo come realmente stia&#8221;. Roberto Mancini spiega la scelta di chiamare Mario Balotelli per lo stage che vedr\u00e0 gli azzurri a Coverciano fino a venerd\u00ec. &#8220;Vedere un giocatore dal vero per un paio di giorni penso che possa essere molto pi\u00f9 utile &#8211; sottolinea il ct &#8211; Un giocatore poi deve integrarsi perfettamente in un gruppo che \u00e8 gi\u00e0 costruito, un gruppo che ha lavorato benissimo per raggiungere un obiettivo importante, quindi questo per noi diventa fondamentale&#8221;. &#8220;Promesse da Balotelli? Assolutamente nulla. Solo dei soldi &#8211; scherza Mancini &#8211; E&#8217; stato chiamato come sono stati chiamati gli altri, siamo curiosi di rivederlo dopo un p\u00f2 di tempo. Al di l\u00e0 del valore tecnico del giocatore va valutato in allenamento e va visto dal vivo per capire. Non mi deve promettere niente, come io non devo promettere niente a lui. Lui \u00e8 qua, credo che sia felice, come altri ragazzi che sono qua, valuter\u00f2 in questi giorni se potr\u00e0 darci una mano&#8221;. In vista degli spareggi mondiali di marzo &#8220;oggi non penso che ci sia pressione. Magari la pressione ci sar\u00e0 una settimana prima, ma questo mi sembra anche abbastanza normale &#8211; ha detto ancora il tecnico jesino &#8211; Una buona e sana pressione fa anche bene, d&#8217;altronde avremo fatto a meno anche noi di questa partita, per\u00f2 ci siamo, quindi penso che un p\u00f2 di pressione ci possa essere in avvicinamento al match&#8221;. <br \/>(ITALPRESS).<\/div>\n<div id=\"div-gpt-ad-Messinaoggi.it-DSK-300x250-corpoart\" style=\"text-align:center;margin:0 auto;\"><\/div><\/p><div id=\"videoincontent\" style=\"clear:both\";><\/div>","protected":false},"excerpt":{"rendered":"<p>FIRENZE (ITALPRESS) &#8211; &#8220;Questo \u00e8 uno stage e viste anche le defezioni che abbiamo avuto nei mesi di ottobre-novembre penso che fosse giusto valutare tante situazioni e quella di Mario rientrava fra queste. A livello tecnico \u00e8 sempre stato un giocatore bravo, bisogna vedere come sta fisicamente. Noi lo abbiamo perso un p\u00f2 di vista, [&hellip;]<\/p>\n","protected":false},"author":18,"featured_media":94953,"comment_status":"closed","ping_status":"closed","sticky":false,"template":"","format":"standard","meta":{"ub_ctt_via":"","_mi_skip_tracking":false},"categories":[446],"tags":[783],"featured_image_src":"https:\/\/www.messinaoggi.it\/website\/wp-content\/uploads\/2022\/01\/20220126_0888.jpg","author_info":{"display_name":"Admin","author_link":"https:\/\/www.messinaoggi.it\/website\/author\/admin\/"},"digistream_id":0,"digistream":false,"_links":{"self":[{"href":"https:\/\/www.messinaoggi.it\/website\/wp-json\/wp\/v2\/posts\/94952"}],"collection":[{"href":"https:\/\/www.messinaoggi.it\/website\/wp-json\/wp\/v2\/posts"}],"about":[{"href":"https:\/\/www.messinaoggi.it\/website\/wp-json\/wp\/v2\/types\/post"}],"author":[{"embeddable":true,"href":"https:\/\/www.messinaoggi.it\/website\/wp-json\/wp\/v2\/users\/18"}],"replies":[{"embeddable":true,"href":"https:\/\/www.messinaoggi.it\/website\/wp-json\/wp\/v2\/comments?post=94952"}],"version-history":[{"count":0,"href":"https:\/\/www.messinaoggi.it\/website\/wp-json\/wp\/v2\/posts\/94952\/revisions"}],"wp:featuredmedia":[{"embeddable":true,"href":"https:\/\/www.messinaoggi.it\/website\/wp-json\/wp\/v2\/media\/94953"}],"wp:attachment":[{"href":"https:\/\/www.messinaoggi.it\/website\/wp-json\/wp\/v2\/media?parent=94952"}],"wp:term":[{"taxonomy":"category","embeddable":true,"href":"https:\/\/www.messinaoggi.it\/website\/wp-json\/wp\/v2\/categories?post=94952"},{"taxonomy":"post_tag","embeddable":true,"href":"https:\/\/www.messinaoggi.it\/website\/wp-json\/wp\/v2\/tags?post=94952"}],"curies":[{"name":"wp","href":"https:\/\/api.w.org\/{rel}","templated":true}]}}