{"id":9492,"date":"2017-10-13T09:00:02","date_gmt":"2017-10-13T07:00:02","guid":{"rendered":"http:\/\/www.messinaoggi.it\/website\/?p=9492"},"modified":"2017-10-13T09:00:02","modified_gmt":"2017-10-13T07:00:02","slug":"torna-curri-chi-ti-pigghiu-levento-podistico-santateresino","status":"publish","type":"post","link":"https:\/\/www.messinaoggi.it\/website\/2017\/10\/13\/torna-curri-chi-ti-pigghiu-levento-podistico-santateresino\/","title":{"rendered":"Torna &#039;Curri chi ti pigghiu&#039;, l&#039;evento podistico santateresino"},"content":{"rendered":"<p style=\"text-align: justify\" align=\"LEFT\"><span style=\"font-size: medium\"><span style=\"font-family: Arial, serif\">Saranno ben 230 gli atleti che gareggeranno questa domenica a Santa Teresa di Riva. Torna infatti \u201cCurri chi ti pigghiu\u201d, l&#8217;evento podistico in memoria dello stimatissimo sindaco santateresino Salvatore Aliberti giunto ormai alla settima edizione.<\/span><\/span><div id=\"div-gpt-ad-Messinaoggi.it-DSK-300x250-corpoart\" style=\"text-align:center;margin:0 auto;\"><\/div><\/p>\n<p style=\"text-align: justify\">La manifestazione \u00e8 stata indetta dal Comitato Provinciale FIDAL di Messina e organizzata dall\u2019Atletica Savoca del presidente Manuela Trimarchi, con il patrocinio del comune di Santa Teresa di Riva ed il controllo del G.G.G. \u201cFratelli Tiano\u201d di Messina.<div id=\"videoincontent\" style=\"clear:both\";><\/div><\/p>\n<p style=\"text-align: justify\"><span style=\"font-size: medium\"><span style=\"font-family: Arial, serif\">Tra le novit\u00e0 pi\u00f9 importanti troviamo un sostanziale cambiamento del percorso. Nel dettaglio, \u00e8 previsto un nuovo circuito stradale ad anello, chiuso al traffico veicolare, di 1.660 metri, con partenza e arrivo in Viale Regina Margherita, passando per via delle Colline, via Roma e via Cimitero.<\/span><\/span><\/p>\n<p style=\"text-align: justify\"><span style=\"font-size: medium\"><span style=\"font-family: Arial, serif\">Si comincer\u00e0 alle 9 con le diverse batterie in gara, dalle categorie giovanili sino a Juniores, Promesse e Seniores. Quest\u2019ultimi effettueranno 5 giri del tracciato, per complessivi 8.300 metri. Dalle 11.30 avranno luogo le premiazioni dei primi tre atleti in ambito maschile e femminile e poi dei podi delle varie categorie. Saranno assegnati, inoltre, dei riconoscimenti speciali: il \u201cTrofeo AVIS Santa Teresa di Riva\u201d andr\u00e0 al primo classificato, mentre il \u201cTrofeo AISM\u201d alla prima donna che giunger\u00e0 al traguardo. Il \u201cTrofeo Salvatore Aliberti\u201d sar\u00e0 invece conquistato dal primo classificato e dalla prima in graduatoria tra gli Allievi. Nel 2016 erano stati Francesco Bonavita (Indomita Torregrotta) e Teresa Latella (Podistica Messina) ad aggiudicarsi la sesta edizione.<\/span><\/span><\/p>\n<p style=\"text-align: justify\"><span style=\"font-size: medium\"><span style=\"font-family: Arial, serif\">Inoltre, si correr\u00e0 per l\u2019ottava prova del Campionato Provinciale Individuale e di Societa\u0300 di corsa su strada e per la tredicesima del Grand Prix dei Due Mari e del Grand Prix Giovanile 2017, giunti entrambi all\u2019atto conclusivo.<\/span><\/span><span style=\"font-size: medium\"><span style=\"font-family: Arial, serif\"><br \/>\n<\/span><\/span><\/p>\n<p align=\"JUSTIFY\"><span style=\"font-size: medium\"><strong><span style=\"font-family: Arial, serif\">COME ARRIVARE:<\/span><\/strong><\/span><\/p>\n<p align=\"JUSTIFY\"><span style=\"font-family: Arial, serif\"><span style=\"font-size: medium\">Da Catania &#8211; Autostrada A18 uscita Taormina e proseguire sulla S.S. 114 in direzione Messina (8 Km), passando per Letojanni e Sant\u2019Alessio Siculo fino a Santa Teresa di Riva in Via Lungomare (adiacente Piazza V Reggimento Aosta (Piazza del Comune).<\/span><\/span><\/p>\n<p align=\"JUSTIFY\"><span style=\"font-family: Arial, serif\"><span style=\"font-size: medium\">Da Messina &#8211; Autostrada A18 uscita Roccalumera e proseguire sulla S.S. 114 in direzione Catania (Km 4) passando per Furci Siculo, fino a Santa Teresa di Riva in Via Lungomare (adiacente Piazza V Reggimento Aosta (Piazza del Comune).<\/span><\/span><\/p>\n","protected":false},"excerpt":{"rendered":"<p>Saranno ben 230 gli atleti che gareggeranno questa domenica a Santa Teresa di Riva. Torna infatti \u201cCurri chi ti pigghiu\u201d, l&#8217;evento podistico in memoria dello stimatissimo sindaco santateresino Salvatore Aliberti giunto ormai alla settima edizione. La manifestazione \u00e8 stata indetta dal Comitato Provinciale FIDAL di Messina e organizzata dall\u2019Atletica Savoca del presidente Manuela Trimarchi, con [&hellip;]<\/p>\n","protected":false},"author":11,"featured_media":9494,"comment_status":"closed","ping_status":"open","sticky":false,"template":"","format":"standard","meta":{"ub_ctt_via":"","_mi_skip_tracking":false},"categories":[8,9],"tags":[],"featured_image_src":"https:\/\/www.messinaoggi.it\/website\/wp-content\/uploads\/2017\/10\/curri-chi-ti-pigghiu-Arrivo-2016.jpg","author_info":{"display_name":"redsport","author_link":"https:\/\/www.messinaoggi.it\/website\/author\/redsport\/"},"digistream_id":0,"digistream":false,"_links":{"self":[{"href":"https:\/\/www.messinaoggi.it\/website\/wp-json\/wp\/v2\/posts\/9492"}],"collection":[{"href":"https:\/\/www.messinaoggi.it\/website\/wp-json\/wp\/v2\/posts"}],"about":[{"href":"https:\/\/www.messinaoggi.it\/website\/wp-json\/wp\/v2\/types\/post"}],"author":[{"embeddable":true,"href":"https:\/\/www.messinaoggi.it\/website\/wp-json\/wp\/v2\/users\/11"}],"replies":[{"embeddable":true,"href":"https:\/\/www.messinaoggi.it\/website\/wp-json\/wp\/v2\/comments?post=9492"}],"version-history":[{"count":0,"href":"https:\/\/www.messinaoggi.it\/website\/wp-json\/wp\/v2\/posts\/9492\/revisions"}],"wp:featuredmedia":[{"embeddable":true,"href":"https:\/\/www.messinaoggi.it\/website\/wp-json\/wp\/v2\/media\/9494"}],"wp:attachment":[{"href":"https:\/\/www.messinaoggi.it\/website\/wp-json\/wp\/v2\/media?parent=9492"}],"wp:term":[{"taxonomy":"category","embeddable":true,"href":"https:\/\/www.messinaoggi.it\/website\/wp-json\/wp\/v2\/categories?post=9492"},{"taxonomy":"post_tag","embeddable":true,"href":"https:\/\/www.messinaoggi.it\/website\/wp-json\/wp\/v2\/tags?post=9492"}],"curies":[{"name":"wp","href":"https:\/\/api.w.org\/{rel}","templated":true}]}}