{"id":94862,"date":"2022-01-25T17:07:35","date_gmt":"2022-01-25T16:07:35","guid":{"rendered":"https:\/\/www.messinaoggi.it\/website\/2022\/01\/25\/ficarra-e-picone-sul-set-con-servillo-nel-nuovo-film-di-ando\/"},"modified":"2022-01-25T17:07:35","modified_gmt":"2022-01-25T16:07:35","slug":"ficarra-e-picone-sul-set-con-servillo-nel-nuovo-film-di-ando","status":"publish","type":"post","link":"https:\/\/www.messinaoggi.it\/website\/2022\/01\/25\/ficarra-e-picone-sul-set-con-servillo-nel-nuovo-film-di-ando\/","title":{"rendered":"Ficarra e Picone sul set con Servillo nel nuovo film di And\u00f2"},"content":{"rendered":"<div>ROMA (ITALPRESS) &#8211; Toni Servillo, Salvo Ficarra e Valentino Picone sono i protagonisti del nuovo film di Roberto And\u00f2 &#8220;La Stranezza&#8221; (titolo provvisorio), le cui riprese inizieranno in febbraio.<br \/>A produrre sono Attilio De Razza e Angelo Barbagallo per Bibi Film, Tramp Limited, Medusa Film e Rai Cinema e in collaborazione con Prime Video.<br \/>Per &#8220;La Stranezza&#8221; (titolo provvisorio),  Medusa Film e Rai Cinema partecipano alla produzione e alla distribuzione per la prima volta insieme, definendo un accordo innovativo per un grande progetto che coinvolge alcuni dei nostri pi\u00f9 importanti talenti.<br \/>La regia \u00e8 di Roberto And\u00f2 che ha scritto la sceneggiatura insieme a Massimo Gaudioso e Ugo Chiti.<br \/>Oltre a Toni Servillo nei panni di Luigi Pirandello, Salvo Ficarra e Valentino Picone in quelli di Onofrio Principato e Sebastiano Vella ci saranno anche Renato Carpentieri, Donatella Finocchiaro, Luigi Lo Cascio, Galatea Ranzi e Fausto Russo Alesi.<br \/>Nel 1920 in Sicilia per un breve soggiorno, Luigi Pirandello s&#8217;imbatte in un imprevisto che lo porter\u00e0 a incontrare due singolari figure di teatranti, Onofrio Principato e Sebastiano Vella, due dilettanti che stanno provando con gli attori della loro filodrammatica un nuovo spettacolo. L&#8217;incontro tra il geniale autore dei &#8220;Sei personaggi in cerca d&#8217;autore&#8221; e questa scalcinata compagnia amatoriale sar\u00e0 foriero di molte sorprese.<br \/>Giampaolo Letta, vice presidente e amministratore delegato Medusa Film, afferma: &#8220;Roberto And\u00f2 \u00e8 uno degli autori italiani per i quali abbiamo sempre nutrito grande stima e affetto. Medusa segue da sempre il suo percorso artistico e considera le sue opere in grado di generare i tratti distintivi che caratterizzano il cinema italiano. In questo eccezionale progetto, Ficarra e Picone e Toni Servillo porteranno la loro esperienza cinematografica e consolideranno il loro eclettismo nell&#8217;interpretazione di personaggi straordinari&#8221;.  <br \/>Per Paolo Del Brocco (Amministratore Delegato di Rai Cinema):<br \/>&#8220;\u00e8 un bellissimo progetto che nasce dal nostro rapporto consolidato e di assoluta fiducia nei confronti di Roberto And\u00f2, e dall&#8217;idea di mettere insieme i grandi talenti di Toni Servillo e di Ficarra e Picone. Su iniziativa dei due produttori Angelo Barbagallo e Attilio De Razza, con Giampaolo Letta di Medusa ci siamo detti: uniamo le forze per dare vita a un grande progetto produttivo, che sia innovativo e allo stesso tempo utile all&#8217;industria cinematografica. E per la prima volta distribuiremo anche insieme, con 01 Distribution e Medusa, combinando tutte le nostre esperienze per una grande operazione a pi\u00f9 voci, che sia di carattere popolare, ma anche culturale&#8221;. &#8220;Questo film &#8211; dice Roberto And\u00f2 &#8211; nasce dall&#8217;intesa elettiva con Ficarra e Picone, due straordinari interpreti della comicit\u00e0 e dell&#8217;anima siciliana&#8221;.<br \/>Toni Servillo afferma: &#8220;Ho sempre provato molta simpatia e ammirazione per Ficarra e Picone, ed era naturale che corrispondessi alla richiesta di Roberto And\u00f2, con cui ho gi\u00e0 fatto due film, di farne uno con loro, nel quale interpreto il ruolo complesso e affascinante di Luigi Pirandello, al servizio di una sceneggiatura che ho trovato molto interessante&#8221;. <br \/>&#8220;Abbiamo sin da subito accettato con entusiasmo &#8211; affermano Ficarra e Picone &#8211; il progetto di Roberto And\u00f2. Un viaggio meraviglioso nel mondo di Luigi Pirandello e della fonte naturale della sua ispirazione: la Sicilia. Un&#8217;occasione unica ed irripetibile per crescere e accrescere il nostro percorso artistico incontrando due grandi maestri del cinema italiano Roberto And\u00f2 e Toni Servillo&#8221;.<br \/>(ITALPRESS).<\/div>\n<div id=\"div-gpt-ad-Messinaoggi.it-DSK-300x250-corpoart\" style=\"text-align:center;margin:0 auto;\"><\/div><\/p><div id=\"videoincontent\" style=\"clear:both\";><\/div>","protected":false},"excerpt":{"rendered":"<p>ROMA (ITALPRESS) &#8211; Toni Servillo, Salvo Ficarra e Valentino Picone sono i protagonisti del nuovo film di Roberto And\u00f2 &#8220;La Stranezza&#8221; (titolo provvisorio), le cui riprese inizieranno in febbraio.A produrre sono Attilio De Razza e Angelo Barbagallo per Bibi Film, Tramp Limited, Medusa Film e Rai Cinema e in collaborazione con Prime Video.Per &#8220;La Stranezza&#8221; [&hellip;]<\/p>\n","protected":false},"author":18,"featured_media":94863,"comment_status":"closed","ping_status":"closed","sticky":false,"template":"","format":"standard","meta":{"ub_ctt_via":"","_mi_skip_tracking":false},"categories":[446],"tags":[783],"featured_image_src":"https:\/\/www.messinaoggi.it\/website\/wp-content\/uploads\/2022\/01\/20220125_1071.jpg","author_info":{"display_name":"Admin","author_link":"https:\/\/www.messinaoggi.it\/website\/author\/admin\/"},"digistream_id":0,"digistream":false,"_links":{"self":[{"href":"https:\/\/www.messinaoggi.it\/website\/wp-json\/wp\/v2\/posts\/94862"}],"collection":[{"href":"https:\/\/www.messinaoggi.it\/website\/wp-json\/wp\/v2\/posts"}],"about":[{"href":"https:\/\/www.messinaoggi.it\/website\/wp-json\/wp\/v2\/types\/post"}],"author":[{"embeddable":true,"href":"https:\/\/www.messinaoggi.it\/website\/wp-json\/wp\/v2\/users\/18"}],"replies":[{"embeddable":true,"href":"https:\/\/www.messinaoggi.it\/website\/wp-json\/wp\/v2\/comments?post=94862"}],"version-history":[{"count":0,"href":"https:\/\/www.messinaoggi.it\/website\/wp-json\/wp\/v2\/posts\/94862\/revisions"}],"wp:featuredmedia":[{"embeddable":true,"href":"https:\/\/www.messinaoggi.it\/website\/wp-json\/wp\/v2\/media\/94863"}],"wp:attachment":[{"href":"https:\/\/www.messinaoggi.it\/website\/wp-json\/wp\/v2\/media?parent=94862"}],"wp:term":[{"taxonomy":"category","embeddable":true,"href":"https:\/\/www.messinaoggi.it\/website\/wp-json\/wp\/v2\/categories?post=94862"},{"taxonomy":"post_tag","embeddable":true,"href":"https:\/\/www.messinaoggi.it\/website\/wp-json\/wp\/v2\/tags?post=94862"}],"curies":[{"name":"wp","href":"https:\/\/api.w.org\/{rel}","templated":true}]}}