{"id":94821,"date":"2022-01-25T13:07:37","date_gmt":"2022-01-25T12:07:37","guid":{"rendered":"https:\/\/www.messinaoggi.it\/website\/2022\/01\/25\/enasarco-alfonsino-mei-nuovo-presidente\/"},"modified":"2022-01-25T13:07:37","modified_gmt":"2022-01-25T12:07:37","slug":"enasarco-alfonsino-mei-nuovo-presidente","status":"publish","type":"post","link":"https:\/\/www.messinaoggi.it\/website\/2022\/01\/25\/enasarco-alfonsino-mei-nuovo-presidente\/","title":{"rendered":"Enasarco, Alfonsino Mei nuovo presidente"},"content":{"rendered":"<div>ROMA (ITALPRESS) &#8211; Il Cda di Enasarco ha eletto il nuovo presidente dell&#8217;Ente: Alfonsino Mei candidato dalla coalizione guidata da Confesercenti con Anasf, Assopam, Confartigianato, Federagenti e Fiarc. &#8220;Questo incarico \u00e8 per me un onore e un impegno al quale mi dedicher\u00f2 con grande passione. Vorrei che questa consiliatura diventasse il risultato della pi\u00f9 ampia condivisione di idee, suggerimenti e proposte dei vari consiglieri: le nostre diversit\u00e0 e le nostre opinioni, anche se divergenti, saranno solo un punto di forza che ci permetter\u00e0 di mettere insieme i diversi punti di vista ed affrontare i problemi da diverse angolature&#8221;, ha detto il neo presidente Mei. &#8220;Il principale dovere cui tutti siamo chiamati, io per primo come presidente, \u00e8 di dare una risposta concreta ai nostri iscritti, fino a oggi dimenticati, combattendo con ogni mezzo anche le conseguenze nefaste di questa pandemia&#8221;, ha aggiunto.<br \/>(ITALPRESS).<\/div>\n<div id=\"div-gpt-ad-Messinaoggi.it-DSK-300x250-corpoart\" style=\"text-align:center;margin:0 auto;\"><\/div><\/p><div id=\"videoincontent\" style=\"clear:both\";><\/div>","protected":false},"excerpt":{"rendered":"<p>ROMA (ITALPRESS) &#8211; Il Cda di Enasarco ha eletto il nuovo presidente dell&#8217;Ente: Alfonsino Mei candidato dalla coalizione guidata da Confesercenti con Anasf, Assopam, Confartigianato, Federagenti e Fiarc. &#8220;Questo incarico \u00e8 per me un onore e un impegno al quale mi dedicher\u00f2 con grande passione. Vorrei che questa consiliatura diventasse il risultato della pi\u00f9 ampia [&hellip;]<\/p>\n","protected":false},"author":18,"featured_media":94822,"comment_status":"closed","ping_status":"closed","sticky":false,"template":"","format":"standard","meta":{"ub_ctt_via":"","_mi_skip_tracking":false},"categories":[446],"tags":[783],"featured_image_src":"https:\/\/www.messinaoggi.it\/website\/wp-content\/uploads\/2022\/01\/20220125_0363.jpg","author_info":{"display_name":"Admin","author_link":"https:\/\/www.messinaoggi.it\/website\/author\/admin\/"},"digistream_id":0,"digistream":false,"_links":{"self":[{"href":"https:\/\/www.messinaoggi.it\/website\/wp-json\/wp\/v2\/posts\/94821"}],"collection":[{"href":"https:\/\/www.messinaoggi.it\/website\/wp-json\/wp\/v2\/posts"}],"about":[{"href":"https:\/\/www.messinaoggi.it\/website\/wp-json\/wp\/v2\/types\/post"}],"author":[{"embeddable":true,"href":"https:\/\/www.messinaoggi.it\/website\/wp-json\/wp\/v2\/users\/18"}],"replies":[{"embeddable":true,"href":"https:\/\/www.messinaoggi.it\/website\/wp-json\/wp\/v2\/comments?post=94821"}],"version-history":[{"count":0,"href":"https:\/\/www.messinaoggi.it\/website\/wp-json\/wp\/v2\/posts\/94821\/revisions"}],"wp:featuredmedia":[{"embeddable":true,"href":"https:\/\/www.messinaoggi.it\/website\/wp-json\/wp\/v2\/media\/94822"}],"wp:attachment":[{"href":"https:\/\/www.messinaoggi.it\/website\/wp-json\/wp\/v2\/media?parent=94821"}],"wp:term":[{"taxonomy":"category","embeddable":true,"href":"https:\/\/www.messinaoggi.it\/website\/wp-json\/wp\/v2\/categories?post=94821"},{"taxonomy":"post_tag","embeddable":true,"href":"https:\/\/www.messinaoggi.it\/website\/wp-json\/wp\/v2\/tags?post=94821"}],"curies":[{"name":"wp","href":"https:\/\/api.w.org\/{rel}","templated":true}]}}