{"id":94807,"date":"2022-01-25T12:32:32","date_gmt":"2022-01-25T11:32:32","guid":{"rendered":"https:\/\/www.messinaoggi.it\/website\/2022\/01\/25\/caro-bollette-lallarme-delle-imprese-siciliane-aiuti-o-chiudiamo\/"},"modified":"2022-01-25T12:32:32","modified_gmt":"2022-01-25T11:32:32","slug":"caro-bollette-lallarme-delle-imprese-siciliane-aiuti-o-chiudiamo","status":"publish","type":"post","link":"https:\/\/www.messinaoggi.it\/website\/2022\/01\/25\/caro-bollette-lallarme-delle-imprese-siciliane-aiuti-o-chiudiamo\/","title":{"rendered":"Caro-bollette, l\u2019allarme delle imprese siciliane \u201cAiuti o chiudiamo\u201d"},"content":{"rendered":"<div>\n<p>PALERMO (ITALPRESS) \u2013 Tra le tante insidie e difficolt\u00e0 che stanno attraversando le aziende italiane, sicuramente quella del caro bollette pu\u00f2 essere inserita tra quelle pi\u00f9 complicate da superare. Rincari sostanziali che coinvolgono famiglie e un milione di imprese, gi\u00e0 messe in ginocchio dalla pandemia. Alcune rischiano di dover ridurre il personale, altre addirittura di dover chiudere i battenti, nonostante i 5,5 miliardi stanziati dal Governo. Le fasce che rientrano tra quelle che avranno il \u2018sostegn\u00f2 sono: coloro che hanno un contatore fino a 16,5 kW e le aziende energivore, ovvero quelle che superano un consumo di oltre un GW all\u2019ora. Ed \u00e8 allarme anche in Sicilia.<br \/>\u201cOltre al fatto che i fondi sono insufficienti resta scoperta la maggior parte delle piccole-medie imprese italiane \u2013 dice all\u2019Italpress Luigi Rizzolo, vicepresidente di Sicindustria con delega all\u2019energia -. Chi sta in mezzo a questi due parametri riceve esattamente zero. Nessun aiuto\u201d. <br \/>L\u2019ammontare dei rincari ricade dunque su famiglie e imprese. Nello specifico si tratta, rispettivamente, di 30,8 miliardi  e 58,9 miliardi. \u201cLa soluzione \u00e8 quella che lo Stato dovrebbe mettere a disposizione pi\u00f9 risorse, il 6% \u00e8 troppo poco. I parametri per accedere a tali benefici vanno rideterminati\u201d, prosegue Rizzolo. <br \/>Le aziende non sanno da dove iniziare per provare a limitare i danni: sia quelle che hanno consumi energetici che impattano parecchio nei loro bilanci, sia quelle dove l\u2019impatto energetico \u00e8 inferiore ma hanno un ricavo che proviene dal loro prodotto percentualmente basso. <br \/>\u201cSi \u00e8 materializzato un incubo che avevamo iniziato ad intercettare gi\u00e0 alla fine dell\u2019estate \u2013 dice Giuseppe Russello, presidente di Sicindustria Palermo e Ceo di Omer Spa, societ\u00e0 specializzata nella progettazione e produzione di componentistica ferroviaria ad alto contenuto ingegneristico e innovativo -. Il costo dell\u2019energia \u00e8 un tema dal quale non si pu\u00f2 prescindere\u201d. \u201cNoi come azienda abbiamo provato a bloccare il prezzo prima della fine dell\u2019anno, cercando di tamponare l\u2019aumento. Rispetto all\u2019anno scorso abbiamo una bolletta elettrica moltiplicata per 2,2 rispetto a quella dello scorso anno. Ovviamente \u2013 evidenzia \u2013 ha un impatto significativo sul nostro core business\u201d. Una questione che ha portato la Omer Spa ad effettuare un investimento sul fotovoltaico: \u201cNon immaginiamo che sia un fenomeno destinato ad esaurirsi nel tempo, ci auguriamo che si riduca ma non crediamo si torner\u00e0 ai valori pre-crisi. Ci eravamo concentrati su altri investimenti e adesso siamo dovuti passare anche a questo. E\u2019 l\u2019unico modo per provare a recuperare. Non \u00e8 un investimento che ci d\u00e0 competitivit\u00e0, ma che riduce la perdita di competitivit\u00e0\u201d. Le difficolt\u00e0 sono quindi strutturali e diventa anche difficile provare a programmare: \u201cLa pandemia non ha portato solamente la chiusura di alcune attivit\u00e0 per mancanza di clienti ma ha innescato a livello globale la carenza di materie prime che ha comportato all\u2019aumento dell\u2019energia \u2013 osserva -. Alcuni studi \u2013 che spero siano sbagliati \u2013 dicono che l\u2019incremento del costo dell\u2019energia potrebbe arrivare a moltiplicarsi per 4, 5 o 6 volte rispetto al periodo pre-crisi\u201d. \u201cDi fronte a questi scenari \u2013 continua Russello \u2013 essere stati chiusi per qualche mese per il lockdown a confronto diventa marginale. Qui il problema \u00e8 strutturale: o i mercati sono pronti ad assorbire gli aumenti, ma lo vedo complicato, oppure diversamente saranno dolori. Ci stiamo confrontando con una crisi pandemica senza precedenti. Poi abbiamo le scelte del governo che non \u00e8 pronto e reattivo come ci aspetteremmo in questi casi. All\u2019estero stanno affrontando il tema in maniera meno drammatica. In Francia la presenza di una energia elettrica prodotta da fonti alternative, nucleari, rende un p\u00f2 pi\u00f9 sopportabile questo aumento. Non riusciamo ad immaginare scenari confortanti. Il governo italiano \u2013 secondo me \u2013 non pensava che questo fenomeno assumesse queste dimensioni\u201d. <br \/>Caso singolare quello che riguarda l\u2019azienda trapanese Sosalt Spa, che si occupa della lavorazione e dell\u2019esportazione del sale marino: \u201cNoi non siamo una societ\u00e0 particolarmente energivora ma produciamo un bene primario a bassa marginalit\u00e0 \u2013 dice il presidente Giacomo D\u2019Al\u00ec Staiti -. Abbiamo avuto un amento del costo del gas del 593%. Pi\u00f9 che aumento lo chiamerei esplosione\u201d. \u201cPer l\u2019energia elettrica avevamo nel dicembre 2020 un costo di 0,05 euro per kWh, adesso \u00e8 0,28 euro per kWh (+520%), mentre per quanto riguarda il gas avevamo un costo di 0,15 euro al metrocubo e adesso 0,885 nel dicembre 2021. L\u2019incidenza dei costi energetici nel nostro bilancio \u2013 dice ancora \u2013 era del 4%, adesso rischia di arrivare al 10%. E\u2019 chiaro che dobbiamo ribaltare questo costo sul prezzo del nostro prodotto. Stiamo combattendo una battaglia molto dura\u201d. <br \/>Una situazione che colpisce tutti a 360 gradi: \u201cTutta questa situazione ci sta mettendo in difficolt\u00e0 \u2013 afferma Angelo Verdone, direttore di Ecoambiente Srl, societ\u00e0 che si occupa di riciclo di materie plastiche -. Abbiamo una bolletta che si \u00e8 raddoppiata. Non c\u2019\u00e8 pi\u00f9 il margine di guadagno, il cliente non pu\u00f2 sopportare questo tipo di aumento. Servirebbe l\u2019aiuto del governo, non si pu\u00f2 ribaltare un aumento del genere al cliente. L\u2019energia elettrica per noi \u00e8 linfa vitale, ma non abbiamo potere di contrattazione. Stiamo provando a limitare i danni aumentando la produttivit\u00e0, ma si tratta di pochi punti percentuali. Sai che devi aprire la tua azienda e sai che stai producendo perdite, fin quando si pu\u00f2 reggere questo gioco?\u201d. <br \/>(ITALPRESS).<div id=\"div-gpt-ad-Messinaoggi.it-DSK-300x250-corpoart\" style=\"text-align:center;margin:0 auto;\"><\/div><\/p>\n<\/div>\n<div id=\"videoincontent\" style=\"clear:both\";><\/div>","protected":false},"excerpt":{"rendered":"<p>PALERMO (ITALPRESS) \u2013 Tra le tante insidie e difficolt\u00e0 che stanno attraversando le aziende italiane, sicuramente quella del caro bollette pu\u00f2 essere inserita tra quelle pi\u00f9 complicate da superare. Rincari sostanziali che coinvolgono famiglie e un milione di imprese, gi\u00e0 messe in ginocchio dalla pandemia. Alcune rischiano di dover ridurre il personale, altre addirittura di [&hellip;]<\/p>\n","protected":false},"author":18,"featured_media":94808,"comment_status":"closed","ping_status":"closed","sticky":false,"template":"","format":"standard","meta":{"ub_ctt_via":"","_mi_skip_tracking":false},"categories":[2449],"tags":[783],"featured_image_src":"https:\/\/www.messinaoggi.it\/website\/wp-content\/uploads\/2022\/01\/20220125_0339.jpg","author_info":{"display_name":"Admin","author_link":"https:\/\/www.messinaoggi.it\/website\/author\/admin\/"},"digistream_id":0,"digistream":false,"_links":{"self":[{"href":"https:\/\/www.messinaoggi.it\/website\/wp-json\/wp\/v2\/posts\/94807"}],"collection":[{"href":"https:\/\/www.messinaoggi.it\/website\/wp-json\/wp\/v2\/posts"}],"about":[{"href":"https:\/\/www.messinaoggi.it\/website\/wp-json\/wp\/v2\/types\/post"}],"author":[{"embeddable":true,"href":"https:\/\/www.messinaoggi.it\/website\/wp-json\/wp\/v2\/users\/18"}],"replies":[{"embeddable":true,"href":"https:\/\/www.messinaoggi.it\/website\/wp-json\/wp\/v2\/comments?post=94807"}],"version-history":[{"count":0,"href":"https:\/\/www.messinaoggi.it\/website\/wp-json\/wp\/v2\/posts\/94807\/revisions"}],"wp:featuredmedia":[{"embeddable":true,"href":"https:\/\/www.messinaoggi.it\/website\/wp-json\/wp\/v2\/media\/94808"}],"wp:attachment":[{"href":"https:\/\/www.messinaoggi.it\/website\/wp-json\/wp\/v2\/media?parent=94807"}],"wp:term":[{"taxonomy":"category","embeddable":true,"href":"https:\/\/www.messinaoggi.it\/website\/wp-json\/wp\/v2\/categories?post=94807"},{"taxonomy":"post_tag","embeddable":true,"href":"https:\/\/www.messinaoggi.it\/website\/wp-json\/wp\/v2\/tags?post=94807"}],"curies":[{"name":"wp","href":"https:\/\/api.w.org\/{rel}","templated":true}]}}