{"id":94799,"date":"2022-01-25T12:07:38","date_gmt":"2022-01-25T11:07:38","guid":{"rendered":"https:\/\/www.messinaoggi.it\/website\/2022\/01\/25\/con-la-bellezza-ritrovata-fondazione-cariplo-tutela-il-paesaggio\/"},"modified":"2022-01-25T12:07:38","modified_gmt":"2022-01-25T11:07:38","slug":"con-la-bellezza-ritrovata-fondazione-cariplo-tutela-il-paesaggio","status":"publish","type":"post","link":"https:\/\/www.messinaoggi.it\/website\/2022\/01\/25\/con-la-bellezza-ritrovata-fondazione-cariplo-tutela-il-paesaggio\/","title":{"rendered":"Con \u201cLa bellezza ritrovata\u201d Fondazione Cariplo tutela il paesaggio"},"content":{"rendered":"<div>MILANO (ITALPRESS) &#8211; Fondazione Cariplo affronta un nuovo tema con la prima edizione del bando &#8220;La bellezza ritrovata&#8221;, dedicato alla tutela e valorizzazione del paesaggio. Oltre un milione di euro a di budget destinato a promuovere iniziative volte a ristabilire l&#8217;integrit\u00e0 di contesti paesaggistici deturpati o in stato di degrado attraverso interventi di mitigazione e, laddove necessario, di eliminazione di porzioni di immobili. Un approccio necessario che, anche attraverso il coinvolgimento delle comunit\u00e0 di riferimento, pu\u00f2 rivelarsi decisivo per la valorizzazione del paesaggio e del portato storico e valoriale ad esso connesso.<br \/>Il Bando, alla sua prima edizione, sar\u00e0 presentato in streaming Gioved\u00ec 27 gennaio alle ore 10:30 collegandosi al sito di Fondazione Cariplo www.fondazionecariplo.it. All&#8217;evento saranno presenti il Presidente di Fondazione Cariplo, Giovanni Fosti, e i referenti dell&#8217;Area Arte e Cultura.<br \/>&#8220;L&#8217;Italia \u00e8 il Paese della \u00abgrande bellezza\u00bb conosciuto in tutto il mondo per l&#8217;importante patrimonio culturale, storico e paesaggistico, caratterizzato, tuttavia, anche dalla presenza di interventi spesso irrispettosi del paesaggio, collocati sia nelle aree urbane &#8211; centrali e periferiche &#8211; sia in contesti extraurbani &#8211; si legge in una nota -. Ripristinare la bellezza attraverso l&#8217;individuazione di soluzioni che possano contribuire a ristabilire l&#8217;integrit\u00e0 di un contesto originario \u00e8 una delle azioni possibili per la valorizzazione del paesaggio nelle sue componenti naturali e culturali, nella consapevolezza dell&#8217;importante componente di soggettivit\u00e0, emotivit\u00e0 e memoria che i luoghi che ci circondano, nei quali viviamo e da cui proveniamo, portano con s\u00e8&#8221;.<br \/>Le candidature dovranno pervenire entro il 28 aprile e dovranno prevedere azioni di mitigazione ed eliminazione delle incoerenze su aree, manufatti ed edifici, o porzioni di essi, volti a ristabilire l&#8217;integrit\u00e0 o a ritrovare la bellezza in contesti paesaggistici deturpati, determinando quindi un positivo impatto sul paesaggio circostante e nuove prospettive di valorizzazione, fruizione e rinaturalizzazione del luogo.<br \/>Per il 2022 Fondazione ha rivisto la propria programmazione organizzandola secondo alcuni obbiettivi strategici: sfide demografiche; cambiamento climatico, tutela dell&#8217;ambiente e della biodiversit\u00e0; contrasto alla povert\u00e0; occupabilit\u00e0; nuove forme della partecipazione culturale; ricerca scientifica; sistemi territoriali di welfare; abitare sociale; capacity building delle organizzazioni non profit. Sul fronte della cultura la Fondazione ha previsto, per esempio, 12mln di euro per il recupero di spazi in abbandono o poco utilizzati, per mitigare le brutture sui territori e valorizzare il patrimonio culturale e paesaggistico, per favorire il riavvicinamento del pubblico alle attivit\u00e0 culturali e per promuovere percorsi educativi e di formazione nelle scuole.<br \/>La Fondazione, inoltre, intende supportare il ripensamento e il rinnovamento delle forme di partecipazione culturale, sperimentando nuovi modelli di fare e vivere la cultura come modalit\u00e0 di crescita per le persone e sviluppo dei territori. Fondamentale sar\u00e0 coinvolgere pubblici diversi nelle attivit\u00e0 e nei luoghi della cultura, ripensare i modelli di offerta e soprattutto di accesso all&#8217;arte e alla cultura, come con il bando Sottocasa per arricchire l&#8217;offerta culturale nei territori fragili di Milano, sostenendo iniziative capaci di promuovere la partecipazione culturale di fasce sempre pi\u00f9 ampie della popolazione residente e di intercettare pubblici sia locali sia cittadini.<br \/>Nei suoi primi 30 anni di attivit\u00e0, Fondazione Cariplo ha contribuito alla realizzazione di oltre 35 mila progetti nel campo dell&#8217;Arte e Cultura, dell&#8217;Ambiente, della Ricerca Scientifica e del Sociale, mettendo a disposizione di queste iniziative risorse pari a 3,5 miliardi di euro. Nel dettaglio Fondazione Cariplo ha reso possibile la realizzazione di oltre 13 mila progetti culturali sul territorio della Lombardia e delle province di Novara e Verbania destinando a questo settore ben 1161,2 milioni di euro.<br \/>Per Giovanni Fosti, Presidente della Fondazione Cariplo, &#8220;Attraverso questo nuovo bando vogliamo sostenere le comunit\u00e0 nel riappropriarsi di luoghi significativi per le persone che li abitano. Ripristinare bellezza non \u00e8 solamente un&#8217;operazione di restauro, ma \u00e8 un&#8217;azione ricca di senso che apre nuove possibilit\u00e0 di guardare e vivere il proprio territorio&#8221;.<br \/>Andrea Mascetti, Coordinatore della commissione Arte e Cultura di Fondazione Cariplo, sottolinea come &#8220;Negli anni del dopoguerra le nostre citt\u00e0 si sono riempite di &#8216;non luogh\u00ec, che si caratterizzavano per bruttezza e spesso per una scarsa utilizzabilit\u00e0 da parte della Comunit\u00e0. Con questo bando vogliamo offrire le linee guida per una grande rivoluzione che rimetta il principio estetico della bellezza al centro delle nostre vite.&#8221;<br \/>(ITALPRESS).<\/div>\n<div id=\"div-gpt-ad-Messinaoggi.it-DSK-300x250-corpoart\" style=\"text-align:center;margin:0 auto;\"><\/div><\/p><div id=\"videoincontent\" style=\"clear:both\";><\/div>","protected":false},"excerpt":{"rendered":"<p>MILANO (ITALPRESS) &#8211; Fondazione Cariplo affronta un nuovo tema con la prima edizione del bando &#8220;La bellezza ritrovata&#8221;, dedicato alla tutela e valorizzazione del paesaggio. Oltre un milione di euro a di budget destinato a promuovere iniziative volte a ristabilire l&#8217;integrit\u00e0 di contesti paesaggistici deturpati o in stato di degrado attraverso interventi di mitigazione e, [&hellip;]<\/p>\n","protected":false},"author":18,"featured_media":94800,"comment_status":"closed","ping_status":"closed","sticky":false,"template":"","format":"standard","meta":{"ub_ctt_via":"","_mi_skip_tracking":false},"categories":[446],"tags":[783],"featured_image_src":"https:\/\/www.messinaoggi.it\/website\/wp-content\/uploads\/2022\/01\/20220125_0261.jpg","author_info":{"display_name":"Admin","author_link":"https:\/\/www.messinaoggi.it\/website\/author\/admin\/"},"digistream_id":0,"digistream":false,"_links":{"self":[{"href":"https:\/\/www.messinaoggi.it\/website\/wp-json\/wp\/v2\/posts\/94799"}],"collection":[{"href":"https:\/\/www.messinaoggi.it\/website\/wp-json\/wp\/v2\/posts"}],"about":[{"href":"https:\/\/www.messinaoggi.it\/website\/wp-json\/wp\/v2\/types\/post"}],"author":[{"embeddable":true,"href":"https:\/\/www.messinaoggi.it\/website\/wp-json\/wp\/v2\/users\/18"}],"replies":[{"embeddable":true,"href":"https:\/\/www.messinaoggi.it\/website\/wp-json\/wp\/v2\/comments?post=94799"}],"version-history":[{"count":0,"href":"https:\/\/www.messinaoggi.it\/website\/wp-json\/wp\/v2\/posts\/94799\/revisions"}],"wp:featuredmedia":[{"embeddable":true,"href":"https:\/\/www.messinaoggi.it\/website\/wp-json\/wp\/v2\/media\/94800"}],"wp:attachment":[{"href":"https:\/\/www.messinaoggi.it\/website\/wp-json\/wp\/v2\/media?parent=94799"}],"wp:term":[{"taxonomy":"category","embeddable":true,"href":"https:\/\/www.messinaoggi.it\/website\/wp-json\/wp\/v2\/categories?post=94799"},{"taxonomy":"post_tag","embeddable":true,"href":"https:\/\/www.messinaoggi.it\/website\/wp-json\/wp\/v2\/tags?post=94799"}],"curies":[{"name":"wp","href":"https:\/\/api.w.org\/{rel}","templated":true}]}}