{"id":94779,"date":"2022-01-25T11:07:32","date_gmt":"2022-01-25T10:07:32","guid":{"rendered":"https:\/\/www.messinaoggi.it\/website\/2022\/01\/25\/covid-ricciardi-siamo-in-una-fase-di-arresto-ma-niente-illusioni\/"},"modified":"2022-01-25T12:09:53","modified_gmt":"2022-01-25T11:09:53","slug":"covid-ricciardi-siamo-in-una-fase-di-arresto-ma-niente-illusioni","status":"publish","type":"post","link":"https:\/\/www.messinaoggi.it\/website\/2022\/01\/25\/covid-ricciardi-siamo-in-una-fase-di-arresto-ma-niente-illusioni\/","title":{"rendered":"Covid, Ricciardi \u201cSiamo in una fase di arresto ma niente illusioni\u201d"},"content":{"rendered":"<div>ROMA (ITALPRESS) &#8211; &#8220;La campagna vaccinale italiana \u00e8 un successo straordinario, senza obbligo abbiamo raggiunto il 90% della popolazione, siamo stati apprezzati da tutti. Mi stupisce la resistenza degli ultra cinquantenni, sembra abbiano perso l&#8217;istinto di sopravvivenza&#8221;. Cos\u00ec Walter Ricciardi, consulente del ministro Speranza, ospite a &#8220;The Breakfast Club&#8221; su Radio Capital. &#8220;Oggi un over 50 che prende il covid ha una una probabilit\u00e0 di morire del 50% pi\u00f9 alta del suo coetaneo vaccinato. Questo mi fa pensare che queste persone non abbiano capito il rischio che corrono. Mentre i ragazzi sono straordinari, non hanno alcun dubbio nella stragrande maggioranza dei casi. Questo mi colpisce molto, non me l&#8217;aspettavo. Mi immaginavo i giovani su questo pi\u00f9 zuzzerelloni&#8221;. <br \/>Ricciardi ha anche denunciato una continua mancanza di personale negli ospedali italiani: &#8220;Curiamo i pazienti di covid, ma non riusciamo ancora ad occuparci pienamente di chi non ha il covid. Persone anche con problemi molto importanti che non possono essere curate. I nostri anziani, sono quelli che muoiono ed \u00e8 difficile curarli, non solo per le loro condizioni ma perch\u00e8 il personale \u00e8 stanco e sottodimensionato. Oggi il personale \u00e8 ridotto mediamente del 30% su organici gi\u00e0 troppo ridotti in partenza. Per arrivare ai livelli della Germania dovremmo assumere 53mila infermieri. L&#8217;Oms parla di Omicron come fase finale della pandemia? Di fatto siamo in una fase di arresto e di diminuzione, una fase migliorativa della pandemia, per\u00f2 per dire che la pandemia \u00e8 risolta ce ne vuole ancora. Il Covid \u00e8 la prima causa di morte nella regione europea, la terza in Italia. Purtroppo tutti vorremmo aggrapparci a parole di speranza. Ma alla normalit\u00e0 bisogna tornarci con prudenza e non illudendoci. Noi possiamo sperare che a febbraio ci sar\u00e0 una discesa dei casi e a marzo saremo pi\u00f9 tranquilli. Ma dobbiamo attrezzarci per riuscire a gestire anche i periodi pi\u00f9 tranquilli in modo che non si ritorni di nuovo in situazioni simili&#8221;.<br \/>(ITALPRESS).<\/div>\n<div id=\"div-gpt-ad-Messinaoggi.it-DSK-300x250-corpoart\" style=\"text-align:center;margin:0 auto;\"><\/div><\/p><div id=\"videoincontent\" style=\"clear:both\";><\/div>","protected":false},"excerpt":{"rendered":"<p>ROMA (ITALPRESS) &#8211; &#8220;La campagna vaccinale italiana \u00e8 un successo straordinario, senza obbligo abbiamo raggiunto il 90% della popolazione, siamo stati apprezzati da tutti. Mi stupisce la resistenza degli ultra cinquantenni, sembra abbiano perso l&#8217;istinto di sopravvivenza&#8221;. Cos\u00ec Walter Ricciardi, consulente del ministro Speranza, ospite a &#8220;The Breakfast Club&#8221; su Radio Capital. &#8220;Oggi un over [&hellip;]<\/p>\n","protected":false},"author":18,"featured_media":94780,"comment_status":"closed","ping_status":"closed","sticky":false,"template":"","format":"standard","meta":{"ub_ctt_via":"","_mi_skip_tracking":false},"categories":[221,446],"tags":[783],"featured_image_src":"https:\/\/www.messinaoggi.it\/website\/wp-content\/uploads\/2022\/01\/20220125_0145.jpg","author_info":{"display_name":"Admin","author_link":"https:\/\/www.messinaoggi.it\/website\/author\/admin\/"},"digistream_id":0,"digistream":false,"_links":{"self":[{"href":"https:\/\/www.messinaoggi.it\/website\/wp-json\/wp\/v2\/posts\/94779"}],"collection":[{"href":"https:\/\/www.messinaoggi.it\/website\/wp-json\/wp\/v2\/posts"}],"about":[{"href":"https:\/\/www.messinaoggi.it\/website\/wp-json\/wp\/v2\/types\/post"}],"author":[{"embeddable":true,"href":"https:\/\/www.messinaoggi.it\/website\/wp-json\/wp\/v2\/users\/18"}],"replies":[{"embeddable":true,"href":"https:\/\/www.messinaoggi.it\/website\/wp-json\/wp\/v2\/comments?post=94779"}],"version-history":[{"count":1,"href":"https:\/\/www.messinaoggi.it\/website\/wp-json\/wp\/v2\/posts\/94779\/revisions"}],"predecessor-version":[{"id":94803,"href":"https:\/\/www.messinaoggi.it\/website\/wp-json\/wp\/v2\/posts\/94779\/revisions\/94803"}],"wp:featuredmedia":[{"embeddable":true,"href":"https:\/\/www.messinaoggi.it\/website\/wp-json\/wp\/v2\/media\/94780"}],"wp:attachment":[{"href":"https:\/\/www.messinaoggi.it\/website\/wp-json\/wp\/v2\/media?parent=94779"}],"wp:term":[{"taxonomy":"category","embeddable":true,"href":"https:\/\/www.messinaoggi.it\/website\/wp-json\/wp\/v2\/categories?post=94779"},{"taxonomy":"post_tag","embeddable":true,"href":"https:\/\/www.messinaoggi.it\/website\/wp-json\/wp\/v2\/tags?post=94779"}],"curies":[{"name":"wp","href":"https:\/\/api.w.org\/{rel}","templated":true}]}}