{"id":94762,"date":"2022-01-25T09:02:35","date_gmt":"2022-01-25T08:02:35","guid":{"rendered":"https:\/\/www.messinaoggi.it\/website\/2022\/01\/25\/sbarcati-280-migranti-a-lampedusa-sette-i-morti\/"},"modified":"2022-01-25T10:11:35","modified_gmt":"2022-01-25T09:11:35","slug":"sbarcati-280-migranti-a-lampedusa-sette-i-morti","status":"publish","type":"post","link":"https:\/\/www.messinaoggi.it\/website\/2022\/01\/25\/sbarcati-280-migranti-a-lampedusa-sette-i-morti\/","title":{"rendered":"Sbarcati 280 migranti a Lampedusa, sette i morti"},"content":{"rendered":"<div>\n<p>LAMPEDUSA (AGRIGENTO) (ITALPRESS) \u2013 Nuova tragedia del mare questa notte a Lampedusa. Sull\u2019isola \u00e8 approdato un barcone con 280 persone a bordo, in arrivo dal Bangladesh e ed Egitto. Il bilancio \u00e8 di sette morti. Tre migranti sono stati trovati gi\u00e0 deceduti, probabilmente per ipotermia, mentre altri quattro sono morti prima di arrivare sulla terraferma. \u201cAncora una tragedia, ancora una volta piangiamo vittime innocenti \u2013 afferma il sindaco di Lampedusa Tot\u00f2 Martello \u2013 Noi  continuiamo a fare la nostra parte tra mille difficolt\u00e0, nonostante il governo italiano e l\u2019Europa sembrino aver dimenticato Lampedusa e i lampedusani. Ma non possiamo andare avanti da soli ancora per molto\u201d.<br \/>(ITALPRESS).<div id=\"div-gpt-ad-Messinaoggi.it-DSK-300x250-corpoart\" style=\"text-align:center;margin:0 auto;\"><\/div><\/p>\n<\/div>\n<div id=\"videoincontent\" style=\"clear:both\";><\/div>","protected":false},"excerpt":{"rendered":"<p>LAMPEDUSA (AGRIGENTO) (ITALPRESS) \u2013 Nuova tragedia del mare questa notte a Lampedusa. Sull\u2019isola \u00e8 approdato un barcone con 280 persone a bordo, in arrivo dal Bangladesh e ed Egitto. Il bilancio \u00e8 di sette morti. Tre migranti sono stati trovati gi\u00e0 deceduti, probabilmente per ipotermia, mentre altri quattro sono morti prima di arrivare sulla terraferma. [&hellip;]<\/p>\n","protected":false},"author":18,"featured_media":94763,"comment_status":"closed","ping_status":"closed","sticky":false,"template":"","format":"standard","meta":{"ub_ctt_via":"","_mi_skip_tracking":false},"categories":[6,2449],"tags":[783],"featured_image_src":"https:\/\/www.messinaoggi.it\/website\/wp-content\/uploads\/2022\/01\/20220125_0076.jpg","author_info":{"display_name":"Admin","author_link":"https:\/\/www.messinaoggi.it\/website\/author\/admin\/"},"digistream_id":0,"digistream":false,"_links":{"self":[{"href":"https:\/\/www.messinaoggi.it\/website\/wp-json\/wp\/v2\/posts\/94762"}],"collection":[{"href":"https:\/\/www.messinaoggi.it\/website\/wp-json\/wp\/v2\/posts"}],"about":[{"href":"https:\/\/www.messinaoggi.it\/website\/wp-json\/wp\/v2\/types\/post"}],"author":[{"embeddable":true,"href":"https:\/\/www.messinaoggi.it\/website\/wp-json\/wp\/v2\/users\/18"}],"replies":[{"embeddable":true,"href":"https:\/\/www.messinaoggi.it\/website\/wp-json\/wp\/v2\/comments?post=94762"}],"version-history":[{"count":1,"href":"https:\/\/www.messinaoggi.it\/website\/wp-json\/wp\/v2\/posts\/94762\/revisions"}],"predecessor-version":[{"id":94772,"href":"https:\/\/www.messinaoggi.it\/website\/wp-json\/wp\/v2\/posts\/94762\/revisions\/94772"}],"wp:featuredmedia":[{"embeddable":true,"href":"https:\/\/www.messinaoggi.it\/website\/wp-json\/wp\/v2\/media\/94763"}],"wp:attachment":[{"href":"https:\/\/www.messinaoggi.it\/website\/wp-json\/wp\/v2\/media?parent=94762"}],"wp:term":[{"taxonomy":"category","embeddable":true,"href":"https:\/\/www.messinaoggi.it\/website\/wp-json\/wp\/v2\/categories?post=94762"},{"taxonomy":"post_tag","embeddable":true,"href":"https:\/\/www.messinaoggi.it\/website\/wp-json\/wp\/v2\/tags?post=94762"}],"curies":[{"name":"wp","href":"https:\/\/api.w.org\/{rel}","templated":true}]}}