{"id":94743,"date":"2022-01-24T19:47:36","date_gmt":"2022-01-24T18:47:36","guid":{"rendered":"https:\/\/www.messinaoggi.it\/website\/2022\/01\/24\/raggiunto-laccordo-regione-governo-sulle-strade-provinciali\/"},"modified":"2022-01-24T19:47:36","modified_gmt":"2022-01-24T18:47:36","slug":"raggiunto-laccordo-regione-governo-sulle-strade-provinciali","status":"publish","type":"post","link":"https:\/\/www.messinaoggi.it\/website\/2022\/01\/24\/raggiunto-laccordo-regione-governo-sulle-strade-provinciali\/","title":{"rendered":"Raggiunto l\u2019accordo Regione-Governo sulle strade provinciali"},"content":{"rendered":"<div>\n<p>PALERMO (ITALPRESS) \u2013 Appare ormai vicina la nomina del Commissario straordinario per la Rete viaria provinciale della Sicilia, richiesta dal governo regionale nel 2019. Il presidente Nello Musumeci ha appena manifestato la propria intesa al ministro delle Infrastrutture Enrico Giovannini sulla nomina e le funzioni dell\u2019alto funzionario tecnico, al quale Stato e Regione affidano il compito di occuparsi della progettazione, l\u2019affidamento e l\u2019esecuzione degli interventi sulle strade provinciali dell\u2019Isola. Commissario sar\u00e0 l\u2019ingegnere Gianluca Ievolella, ex provveditore alle opere pubbliche della Sicilia, scelto d\u2019intesa tra Roma e Palermo. Il suo primo compito sar\u00e0 realizzare un Piano di 32 strade, per un valore di 33 milioni di euro, risorse messe a disposizione dal governo regionale e che riguardano le province di Agrigento, Caltanissetta, Catania, Messina, Palermo e Siracusa.<br \/>\u00abSi tratta di un primo elenco di interventi che interessano la viabilit\u00e0 secondaria, da anni in stato di abbandono e degrado dopo la devastante riforma delle Province\u00bb, ha detto il presidente Musumeci, esprimendo la sua soddisfazione, \u00abrispetto a una nomina attesa da anni (gi\u00e0 ai tempi dei ministri Toninelli e De Micheli). Molte strade provinciali della Sicilia in questi quattro anni sono state oggetto di importanti interventi di manutenzione, consolidamento e messa in sicurezza a cura del dipartimento regionale Infrastrutture con fondi della Regione, per circa 300 milioni di euro, a valere su risorse dell\u2019Accordo di programma quadro e Patto per il Sud. L\u2019intesa col ministro Giovannini \u2013 che ringrazio per avere accolto il nostro appello \u2013 prevede che questo primo elenco di opere dovr\u00e0 essere integrato con altri interventi (almeno un centinaio) che dovranno trovare copertura finanziaria a cura del ministero delle Infrastrutture e della mobilit\u00e0. Ovviamente la Regione continuer\u00e0 a fare la sua parte. Spero che adesso il commissario, una volta formalizzata la nomina, proceda con celerit\u00e0 e che possa disporre di poteri di semplificazione delle procedure\u00bb.<br \/>(ITALPRESS).<div id=\"div-gpt-ad-Messinaoggi.it-DSK-300x250-corpoart\" style=\"text-align:center;margin:0 auto;\"><\/div><\/p>\n<\/div>\n<div id=\"videoincontent\" style=\"clear:both\";><\/div>","protected":false},"excerpt":{"rendered":"<p>PALERMO (ITALPRESS) \u2013 Appare ormai vicina la nomina del Commissario straordinario per la Rete viaria provinciale della Sicilia, richiesta dal governo regionale nel 2019. Il presidente Nello Musumeci ha appena manifestato la propria intesa al ministro delle Infrastrutture Enrico Giovannini sulla nomina e le funzioni dell\u2019alto funzionario tecnico, al quale Stato e Regione affidano il [&hellip;]<\/p>\n","protected":false},"author":18,"featured_media":94744,"comment_status":"closed","ping_status":"closed","sticky":false,"template":"","format":"standard","meta":{"ub_ctt_via":"","_mi_skip_tracking":false},"categories":[2449],"tags":[783],"featured_image_src":"https:\/\/www.messinaoggi.it\/website\/wp-content\/uploads\/2022\/01\/20220124_1998.jpg","author_info":{"display_name":"Admin","author_link":"https:\/\/www.messinaoggi.it\/website\/author\/admin\/"},"digistream_id":0,"digistream":false,"_links":{"self":[{"href":"https:\/\/www.messinaoggi.it\/website\/wp-json\/wp\/v2\/posts\/94743"}],"collection":[{"href":"https:\/\/www.messinaoggi.it\/website\/wp-json\/wp\/v2\/posts"}],"about":[{"href":"https:\/\/www.messinaoggi.it\/website\/wp-json\/wp\/v2\/types\/post"}],"author":[{"embeddable":true,"href":"https:\/\/www.messinaoggi.it\/website\/wp-json\/wp\/v2\/users\/18"}],"replies":[{"embeddable":true,"href":"https:\/\/www.messinaoggi.it\/website\/wp-json\/wp\/v2\/comments?post=94743"}],"version-history":[{"count":0,"href":"https:\/\/www.messinaoggi.it\/website\/wp-json\/wp\/v2\/posts\/94743\/revisions"}],"wp:featuredmedia":[{"embeddable":true,"href":"https:\/\/www.messinaoggi.it\/website\/wp-json\/wp\/v2\/media\/94744"}],"wp:attachment":[{"href":"https:\/\/www.messinaoggi.it\/website\/wp-json\/wp\/v2\/media?parent=94743"}],"wp:term":[{"taxonomy":"category","embeddable":true,"href":"https:\/\/www.messinaoggi.it\/website\/wp-json\/wp\/v2\/categories?post=94743"},{"taxonomy":"post_tag","embeddable":true,"href":"https:\/\/www.messinaoggi.it\/website\/wp-json\/wp\/v2\/tags?post=94743"}],"curies":[{"name":"wp","href":"https:\/\/api.w.org\/{rel}","templated":true}]}}