{"id":94741,"date":"2022-01-25T00:32:33","date_gmt":"2022-01-24T23:32:33","guid":{"rendered":"https:\/\/www.messinaoggi.it\/website\/2022\/01\/24\/decathlon-apre-a-carini-palermo-puo-attendere\/"},"modified":"2022-01-25T10:11:03","modified_gmt":"2022-01-25T09:11:03","slug":"decathlon-apre-a-carini-palermo-puo-attendere","status":"publish","type":"post","link":"https:\/\/www.messinaoggi.it\/website\/2022\/01\/25\/decathlon-apre-a-carini-palermo-puo-attendere\/","title":{"rendered":"Decathlon apre a Carini, Palermo pu\u00f2 attendere"},"content":{"rendered":"<div>\n<p>PALERMO (ITALPRESS) \u2013 Palermo dovr\u00e0 ancora attendere per avere il suo grande magazzino di articoli sportivi a marchio Decathlon. La societ\u00e0, infatti, dopo Trapani aprir\u00e0 il suo secondo punto vendita della Sicilia occidentale (e settimo nell\u2019Isola) all\u2019interno del centro Commerciale Poseidon di Carini \u201cche ha garantito gli standard e la facilit\u00e0 di accesso che avevamo richiesto\u201d, fanno sapere dall\u2019azienda. Apertura prevista a giugno mentre a Palermo l\u2019amministrazione \u00e8 stata al centro di numerose polemiche. Un primo tentativo di apertura, nell\u2019area chiamata Ex Coca Cola alla periferia Nord della citt\u00e0, infatti \u00e8 sfumato (e Decatlhon ha scelto Trapani), l\u2019approdo a Carini sembra rimandare ancora una volta l\u2019apertura di un centro nel territorio comunale anche se sembra che adesso ci sia una schiarita sulla destinazione delle aree gi\u00e0 individuate, alcune delle quali sono ancora disponibili. <br \/>\u201cVediamo come andranno i numeri del nuovo negozio\u201d, spiegano all\u2019Italpress dalla societ\u00e0, \u201csiamo comunque convinti che Palermo per numero di abitanti possa avere anche un negozio all\u2019interno del comune\u201d. La vicenda, che riguarda l\u2019area gi\u00e0 individuata in passato, \u00e8 ripercorsa da una nota dell\u2019assessore comunale alle attivit\u00e0 produttive, Cettina Martorana. \u201cNel 2012 pervenne una richiesta da parte del proprietario dell\u2019area ex Coca Cola al fine di insediare un edificio multisala cinematografica e relativi servizi a supporto\u201d, spiega l\u2019esponente della giunta Orlando, \u201cil Suap rilasci\u00f2 il relativo permesso di costruire, ma da ci\u00f2 deriv\u00f2 un\u2019indagine della Procura di Palermo sfociata in diversi rinvii a giudizio; questa, infatti, ritenne che la Zona Territoriale Omogenea in cui ricadeva l\u2019area in questione non fosse compatibile con la destinazione commerciale in base al vigente piano regolatore e alle relative norme di attuazione. Da quel momento, di conseguenza, il predetto Suap respinse le istanze analoghe pervenute per la suddetta area, fra cui una prodotta nel 2020 dal proprietario dell\u2019area stessa\u201d.<br \/>\u201cSuccessivamente \u2013 aggiunge Martorana -, il Tar di Palermo accolse il ricorso del proprietario sulla base di una \u2018preferibile interpretazion\u00e8 delle citate norme di attuazione e, anche il procedimento penale di cui si \u00e8 detto, si risolveva nel 2021 con l\u2019assoluzione dei dirigenti comunali imputati. La Societ\u00e0 proprietaria vinceva, dunque, il ricorso, ottenendo l\u2019autorizzazione alla destinazione commerciale richiesta.  Nel mese di luglio 2021 \u00e8 stata presentata \u2013 con riferimento ad una porzione dell\u2019area in questione \u2013 una richiesta di permesso di costruire da parte della LIDL con allegato un preliminare di compravendita tra quest\u2019ultima e la propriet\u00e0 dell\u2019area.  Queste le principali vicende che hanno interessato l\u2019area della ex Coca Cola che oggi \u00e8 parzialmente destinata alla LIDL, mentre per la restante parte rimane ancora disponibile e ci auguriamo che altre aziende continuino a manifestare interesse per la nostra Citt\u00e0\u201d. Sul tema \u00e8 intervenuto anche il sindaco Leoluca Orlando: \u201cNelle scelte del Comune di Palermo l\u2019attivit\u00e0 \u00e8 costantemente rivolta, nel doveroso rispetto della normativa, a trasformare l\u2019attrattivit\u00e0 conquistata dalla nostra citt\u00e0 in concreta presenza imprenditoriale e lavorativa nel nostro territorio\u201d.<br \/>(ITALPRESS).<div id=\"div-gpt-ad-Messinaoggi.it-DSK-300x250-corpoart\" style=\"text-align:center;margin:0 auto;\"><\/div><\/p>\n<\/div>\n<div id=\"videoincontent\" style=\"clear:both\";><\/div>","protected":false},"excerpt":{"rendered":"<p>PALERMO (ITALPRESS) \u2013 Palermo dovr\u00e0 ancora attendere per avere il suo grande magazzino di articoli sportivi a marchio Decathlon. La societ\u00e0, infatti, dopo Trapani aprir\u00e0 il suo secondo punto vendita della Sicilia occidentale (e settimo nell\u2019Isola) all\u2019interno del centro Commerciale Poseidon di Carini \u201cche ha garantito gli standard e la facilit\u00e0 di accesso che avevamo [&hellip;]<\/p>\n","protected":false},"author":18,"featured_media":94742,"comment_status":"closed","ping_status":"closed","sticky":false,"template":"","format":"standard","meta":{"ub_ctt_via":"","_mi_skip_tracking":false},"categories":[11,2449],"tags":[783],"featured_image_src":"https:\/\/www.messinaoggi.it\/website\/wp-content\/uploads\/2022\/01\/20220124_1965.jpg","author_info":{"display_name":"Admin","author_link":"https:\/\/www.messinaoggi.it\/website\/author\/admin\/"},"digistream_id":0,"digistream":false,"_links":{"self":[{"href":"https:\/\/www.messinaoggi.it\/website\/wp-json\/wp\/v2\/posts\/94741"}],"collection":[{"href":"https:\/\/www.messinaoggi.it\/website\/wp-json\/wp\/v2\/posts"}],"about":[{"href":"https:\/\/www.messinaoggi.it\/website\/wp-json\/wp\/v2\/types\/post"}],"author":[{"embeddable":true,"href":"https:\/\/www.messinaoggi.it\/website\/wp-json\/wp\/v2\/users\/18"}],"replies":[{"embeddable":true,"href":"https:\/\/www.messinaoggi.it\/website\/wp-json\/wp\/v2\/comments?post=94741"}],"version-history":[{"count":1,"href":"https:\/\/www.messinaoggi.it\/website\/wp-json\/wp\/v2\/posts\/94741\/revisions"}],"predecessor-version":[{"id":94771,"href":"https:\/\/www.messinaoggi.it\/website\/wp-json\/wp\/v2\/posts\/94741\/revisions\/94771"}],"wp:featuredmedia":[{"embeddable":true,"href":"https:\/\/www.messinaoggi.it\/website\/wp-json\/wp\/v2\/media\/94742"}],"wp:attachment":[{"href":"https:\/\/www.messinaoggi.it\/website\/wp-json\/wp\/v2\/media?parent=94741"}],"wp:term":[{"taxonomy":"category","embeddable":true,"href":"https:\/\/www.messinaoggi.it\/website\/wp-json\/wp\/v2\/categories?post=94741"},{"taxonomy":"post_tag","embeddable":true,"href":"https:\/\/www.messinaoggi.it\/website\/wp-json\/wp\/v2\/tags?post=94741"}],"curies":[{"name":"wp","href":"https:\/\/api.w.org\/{rel}","templated":true}]}}