{"id":94699,"date":"2022-01-24T17:07:33","date_gmt":"2022-01-24T16:07:33","guid":{"rendered":"https:\/\/www.messinaoggi.it\/website\/2022\/01\/24\/quirinale-renzi-draghi-serve-un-accordo-politico\/"},"modified":"2022-01-24T17:07:33","modified_gmt":"2022-01-24T16:07:33","slug":"quirinale-renzi-draghi-serve-un-accordo-politico","status":"publish","type":"post","link":"https:\/\/www.messinaoggi.it\/website\/2022\/01\/24\/quirinale-renzi-draghi-serve-un-accordo-politico\/","title":{"rendered":"Quirinale, Renzi \u201cDraghi? Serve un accordo politico\u201d"},"content":{"rendered":"<div>ROMA (ITALPRESS) &#8211; &#8220;Penso che Berlusconi non fosse il candidato presidente di questa fase, chi lo ha costretto a questa candidatura gli ha fatto del male. Riccardi non ha i numeri, \u00e8 una candidatura di bandiera che viene messa in campo per discutere, va bene cos\u00ec&#8221;. Cos\u00ec il leader di Italia Viva, Matteo Renzi, parlando con i giornalisti fuori da Montecitorio. &#8220;Penso che Draghi, che \u00e8 una personalit\u00e0 straordinaria, \u00e8 un punto di riferimento del Paese e pu\u00f2 dare bene sia come premier che come presidente della Repubblica. E&#8217; la politica che deve fare la differenza. Draghi \u00e8 arrivato a Palazzo Chigi grazie a un capolavoro della politica che \u00e8 stato mandare a casa Conte. Oggi Draghi va al Quirinale se c&#8217;\u00e8 un accordo politico, chi pensa di andare senza sbaglia&#8221;, ha aggiunto.<br \/>(ITALPRESS).<\/div>\n<div id=\"div-gpt-ad-Messinaoggi.it-DSK-300x250-corpoart\" style=\"text-align:center;margin:0 auto;\"><\/div><\/p><div id=\"videoincontent\" style=\"clear:both\";><\/div>","protected":false},"excerpt":{"rendered":"<p>ROMA (ITALPRESS) &#8211; &#8220;Penso che Berlusconi non fosse il candidato presidente di questa fase, chi lo ha costretto a questa candidatura gli ha fatto del male. Riccardi non ha i numeri, \u00e8 una candidatura di bandiera che viene messa in campo per discutere, va bene cos\u00ec&#8221;. Cos\u00ec il leader di Italia Viva, Matteo Renzi, parlando [&hellip;]<\/p>\n","protected":false},"author":18,"featured_media":94700,"comment_status":"closed","ping_status":"closed","sticky":false,"template":"","format":"standard","meta":{"ub_ctt_via":"","_mi_skip_tracking":false},"categories":[446],"tags":[783],"featured_image_src":"https:\/\/www.messinaoggi.it\/website\/wp-content\/uploads\/2022\/01\/20220124_1672.jpg","author_info":{"display_name":"Admin","author_link":"https:\/\/www.messinaoggi.it\/website\/author\/admin\/"},"digistream_id":0,"digistream":false,"_links":{"self":[{"href":"https:\/\/www.messinaoggi.it\/website\/wp-json\/wp\/v2\/posts\/94699"}],"collection":[{"href":"https:\/\/www.messinaoggi.it\/website\/wp-json\/wp\/v2\/posts"}],"about":[{"href":"https:\/\/www.messinaoggi.it\/website\/wp-json\/wp\/v2\/types\/post"}],"author":[{"embeddable":true,"href":"https:\/\/www.messinaoggi.it\/website\/wp-json\/wp\/v2\/users\/18"}],"replies":[{"embeddable":true,"href":"https:\/\/www.messinaoggi.it\/website\/wp-json\/wp\/v2\/comments?post=94699"}],"version-history":[{"count":0,"href":"https:\/\/www.messinaoggi.it\/website\/wp-json\/wp\/v2\/posts\/94699\/revisions"}],"wp:featuredmedia":[{"embeddable":true,"href":"https:\/\/www.messinaoggi.it\/website\/wp-json\/wp\/v2\/media\/94700"}],"wp:attachment":[{"href":"https:\/\/www.messinaoggi.it\/website\/wp-json\/wp\/v2\/media?parent=94699"}],"wp:term":[{"taxonomy":"category","embeddable":true,"href":"https:\/\/www.messinaoggi.it\/website\/wp-json\/wp\/v2\/categories?post=94699"},{"taxonomy":"post_tag","embeddable":true,"href":"https:\/\/www.messinaoggi.it\/website\/wp-json\/wp\/v2\/tags?post=94699"}],"curies":[{"name":"wp","href":"https:\/\/api.w.org\/{rel}","templated":true}]}}