{"id":94697,"date":"2022-01-24T16:07:34","date_gmt":"2022-01-24T15:07:34","guid":{"rendered":"https:\/\/www.messinaoggi.it\/website\/2022\/01\/24\/fiction-su-rai1-dal-7-febbraio-la-seconda-stagione-di-makari\/"},"modified":"2022-01-24T16:07:34","modified_gmt":"2022-01-24T15:07:34","slug":"fiction-su-rai1-dal-7-febbraio-la-seconda-stagione-di-makari","status":"publish","type":"post","link":"https:\/\/www.messinaoggi.it\/website\/2022\/01\/24\/fiction-su-rai1-dal-7-febbraio-la-seconda-stagione-di-makari\/","title":{"rendered":"Fiction, su Rai1 dal 7 febbraio la seconda stagione di \u201cMakari\u201d"},"content":{"rendered":"<div>ROMA (ITALPRESS) &#8211; Torna su Raiuno (da luned\u00ec 7 febbraio) con tre nuove storie &#8220;M\u00e0kari&#8221;, la serie tratta dai romanzi di Gaetano Savatteri interpretata da Claudio Gio\u00e8 nei panni del protagonista Saverio Lamanna, scrittore svogliato e squattrinato nonch\u00e8 investigatore a tempo perso. Al suo fianco c&#8217;\u00e8 ancora il surreale Piccionello (Domenico Centamore) e potrebbe esserci anche Suleima (Ester Pantano), la giovane di cui si \u00e8 innamorato e che, nella precedente stagione, avevamo visto volare a Milano per un&#8217;esperienza lavorativa. Suleima torner\u00e0 a M\u00e0kari ma accompagnata da Teodoro Bettini (Andrea Bosca), il suo affascinante capo che dar\u00e0 filo da torcere a Saverio. Gli ingredienti per piacere al pubblico anche stavolta ci sono tutti, per non parlare della Sicilia che continua ad essere una protagonista della serie a tutti gli effetti e di cui nei nuovi episodi non vedremo solo il Trapanese (Scopello, Trapani, Erice e, naturalmente, M\u00e0kari) e Palermo e Mondello, ma anche suggestive localit\u00e0 dell&#8217;Agrigentino come la Valle dei Templi, Favara e la Scala dei Turchi. <br \/>Una Sicilia quasi da cartolina, insomma, ma soprattutto lontana, spiega Savatteri, &#8220;da certi stereotipi in cui l&#8217;abbiamo vista in bianco e nero e tragicamente dominata da tematiche violente e drammatiche, specchio della sua storia degli ultimi cinquant&#8217;anni&#8221;. A scegliere la nuova immagine della Sicilia \u00e8 stato, afferma lo scrittore, &#8220;Andrea Camilleri che, con Montalbano, ha aperto la porta a un racconto che usciva da quegli archetipi. Camilleri ci ha portato in una Sicilia in cui ci sono anche luce e la capacit\u00e0 di far ridere e sorridere e che \u00e8 diventata protagonista di un altro tipo di racconto. Senza questa porta che lui ha spalancato forse io non avrei saputo pensare a personaggi che smontassero ulteriormente questo archetipo&#8221;.<br \/>Claudio Gio\u00e8 osserva: &#8220;Savatteri ha saputo raccontare un carattere di noi palermitani che \u00e8 l&#8217;ironia, una maschera che spesso usiamo per nascondere le ferite. Abbiamo nel Dna questa maschera greca che nasconde debolezze e difficolt\u00e0&#8221;. <br \/>E questo, aggiunge, vale sia per lui sia per il suo Saverio: &#8220;Non so dove finisca uno e inizi l&#8217;altro. E&#8217; uno dei personaggi che sento pi\u00f9 vicini alla mia et\u00e0 e alla mia cultura. Forse per la prima volta mi sento molto comodo a declinare gli aspetti tipici di noi palermitani. Cosa mi ha lasciato questo personaggio? Una forte impronta etica &#8211; spiega Gio\u00e8 &#8211; Saverio sceglie di restare in Sicilia e questo nasconde un barlume di speranza. Si parla anche di opportunit\u00e0, sviluppo e progresso per questa terra in cui anche io sono tornato a vivere&#8221;. A casa sua, a M\u00e0kari, si sente anche Ester Pantano: &#8220;Nelle mie vene scorre anche sangue palermitano e il trapanese \u00e8 diventato la mia casa. Conosco il panettiere, il bar, il ristorante&#8230; &#8220;. Del personaggio di Suleima sottolinea la crescita: &#8220;Lei vive una trasformazione, portando equilibrio tra la professionalit\u00e0 e la vita. In realt\u00e0 siamo tutti sempre in crescita, Suleima \u00e8 un cambio di sguardo davanti a problematiche enormi che possono essere smontate e rimontate per essere gestite al meglio. Ed \u00e8 quello che cerco di fare anche io nella mia vita&#8221;.<br \/>&#8220;M\u00e0kari&#8221;, che \u00e8 diretta da Michele Soavi, \u00e8 prodotta da Palomar e Rai Fiction: &#8220;Sono affezionato a &#8216;M\u00e0kar\u00ec per la sua leggerezza ma anche perch\u00e8 nella serie sono trattati temi come l&#8217;essere e l&#8217;etica&#8221; dice il produttore Carlo Degli Esposti mentre la direttrice di Rai Fiction Maria Pia Ammirati conclude sottolineando che &#8220;si tratta di una seconda stagione che arriva a meno di un anno dalla prima. La serie incontra il gusto del pubblico della Rai sempre pi\u00f9 sofisticato&#8221;. <br \/>(ITALPRESS).<\/div>\n<div id=\"div-gpt-ad-Messinaoggi.it-DSK-300x250-corpoart\" style=\"text-align:center;margin:0 auto;\"><\/div><\/p><div id=\"videoincontent\" style=\"clear:both\";><\/div>","protected":false},"excerpt":{"rendered":"<p>ROMA (ITALPRESS) &#8211; Torna su Raiuno (da luned\u00ec 7 febbraio) con tre nuove storie &#8220;M\u00e0kari&#8221;, la serie tratta dai romanzi di Gaetano Savatteri interpretata da Claudio Gio\u00e8 nei panni del protagonista Saverio Lamanna, scrittore svogliato e squattrinato nonch\u00e8 investigatore a tempo perso. Al suo fianco c&#8217;\u00e8 ancora il surreale Piccionello (Domenico Centamore) e potrebbe esserci [&hellip;]<\/p>\n","protected":false},"author":18,"featured_media":94698,"comment_status":"closed","ping_status":"closed","sticky":false,"template":"","format":"standard","meta":{"ub_ctt_via":"","_mi_skip_tracking":false},"categories":[446],"tags":[783],"featured_image_src":"https:\/\/www.messinaoggi.it\/website\/wp-content\/uploads\/2022\/01\/20220124_1053.jpg","author_info":{"display_name":"Admin","author_link":"https:\/\/www.messinaoggi.it\/website\/author\/admin\/"},"digistream_id":0,"digistream":false,"_links":{"self":[{"href":"https:\/\/www.messinaoggi.it\/website\/wp-json\/wp\/v2\/posts\/94697"}],"collection":[{"href":"https:\/\/www.messinaoggi.it\/website\/wp-json\/wp\/v2\/posts"}],"about":[{"href":"https:\/\/www.messinaoggi.it\/website\/wp-json\/wp\/v2\/types\/post"}],"author":[{"embeddable":true,"href":"https:\/\/www.messinaoggi.it\/website\/wp-json\/wp\/v2\/users\/18"}],"replies":[{"embeddable":true,"href":"https:\/\/www.messinaoggi.it\/website\/wp-json\/wp\/v2\/comments?post=94697"}],"version-history":[{"count":0,"href":"https:\/\/www.messinaoggi.it\/website\/wp-json\/wp\/v2\/posts\/94697\/revisions"}],"wp:featuredmedia":[{"embeddable":true,"href":"https:\/\/www.messinaoggi.it\/website\/wp-json\/wp\/v2\/media\/94698"}],"wp:attachment":[{"href":"https:\/\/www.messinaoggi.it\/website\/wp-json\/wp\/v2\/media?parent=94697"}],"wp:term":[{"taxonomy":"category","embeddable":true,"href":"https:\/\/www.messinaoggi.it\/website\/wp-json\/wp\/v2\/categories?post=94697"},{"taxonomy":"post_tag","embeddable":true,"href":"https:\/\/www.messinaoggi.it\/website\/wp-json\/wp\/v2\/tags?post=94697"}],"curies":[{"name":"wp","href":"https:\/\/api.w.org\/{rel}","templated":true}]}}