{"id":94695,"date":"2022-01-24T16:07:32","date_gmt":"2022-01-24T15:07:32","guid":{"rendered":"https:\/\/www.messinaoggi.it\/website\/2022\/01\/24\/quirinale-fico-indice-votazione-per-il-capo-dello-stato\/"},"modified":"2022-01-24T16:07:32","modified_gmt":"2022-01-24T15:07:32","slug":"quirinale-fico-indice-votazione-per-il-capo-dello-stato","status":"publish","type":"post","link":"https:\/\/www.messinaoggi.it\/website\/2022\/01\/24\/quirinale-fico-indice-votazione-per-il-capo-dello-stato\/","title":{"rendered":"Quirinale, Fico indice votazione per il Capo dello Stato"},"content":{"rendered":"<div>ROMA (ITALPRESS) &#8211; Il presidente della Camera, Roberto Fico, ha<br \/>aperto la seduta del Parlamento per l&#8217;elezione del presidente<br \/>della Repubblica annunciando in Aula la scomparsa del deputato di<br \/>Forza Italia Vincenzo Fasano.<br \/>Fico ha poi comunicato che, dopo aver consultato i componenti degli Uffici di Presidenza dei due rami del Parlamento, ha riconosciuto valide tutte le elezioni dei delegati effettuate dalle Regioni. Al banco della presidenza anche il presidente del Senato Elisabetta Alberti Casellati. Il quorum richiesto \u00e8 di due terzi dei componenti del collegio. Il primo a essere chiamato a votare \u00e8 stato Umberto Bossi. A causa delle norme anti Covid si voter\u00e0 per fasce orarie. A seguire alcuni deputati prevotantiper causa di salute e i senatori Giorgio Napolitano, Mario Monti, Elena Cattaneo, Renzo Piano, Carlo Rubbia e Liliana Segre. Ogni elettore si disinfetta le mani prima di ricevere la scheda, vota e quindi la depone nell&#8217;insalatiera.<br \/>(ITALPRESS).<\/div>\n<div id=\"div-gpt-ad-Messinaoggi.it-DSK-300x250-corpoart\" style=\"text-align:center;margin:0 auto;\"><\/div><\/p><div id=\"videoincontent\" style=\"clear:both\";><\/div>","protected":false},"excerpt":{"rendered":"<p>ROMA (ITALPRESS) &#8211; Il presidente della Camera, Roberto Fico, haaperto la seduta del Parlamento per l&#8217;elezione del presidentedella Repubblica annunciando in Aula la scomparsa del deputato diForza Italia Vincenzo Fasano.Fico ha poi comunicato che, dopo aver consultato i componenti degli Uffici di Presidenza dei due rami del Parlamento, ha riconosciuto valide tutte le elezioni dei [&hellip;]<\/p>\n","protected":false},"author":18,"featured_media":94696,"comment_status":"closed","ping_status":"closed","sticky":false,"template":"","format":"standard","meta":{"ub_ctt_via":"","_mi_skip_tracking":false},"categories":[446],"tags":[783],"featured_image_src":"https:\/\/www.messinaoggi.it\/website\/wp-content\/uploads\/2022\/01\/20220124_1040.jpg","author_info":{"display_name":"Admin","author_link":"https:\/\/www.messinaoggi.it\/website\/author\/admin\/"},"digistream_id":0,"digistream":false,"_links":{"self":[{"href":"https:\/\/www.messinaoggi.it\/website\/wp-json\/wp\/v2\/posts\/94695"}],"collection":[{"href":"https:\/\/www.messinaoggi.it\/website\/wp-json\/wp\/v2\/posts"}],"about":[{"href":"https:\/\/www.messinaoggi.it\/website\/wp-json\/wp\/v2\/types\/post"}],"author":[{"embeddable":true,"href":"https:\/\/www.messinaoggi.it\/website\/wp-json\/wp\/v2\/users\/18"}],"replies":[{"embeddable":true,"href":"https:\/\/www.messinaoggi.it\/website\/wp-json\/wp\/v2\/comments?post=94695"}],"version-history":[{"count":0,"href":"https:\/\/www.messinaoggi.it\/website\/wp-json\/wp\/v2\/posts\/94695\/revisions"}],"wp:featuredmedia":[{"embeddable":true,"href":"https:\/\/www.messinaoggi.it\/website\/wp-json\/wp\/v2\/media\/94696"}],"wp:attachment":[{"href":"https:\/\/www.messinaoggi.it\/website\/wp-json\/wp\/v2\/media?parent=94695"}],"wp:term":[{"taxonomy":"category","embeddable":true,"href":"https:\/\/www.messinaoggi.it\/website\/wp-json\/wp\/v2\/categories?post=94695"},{"taxonomy":"post_tag","embeddable":true,"href":"https:\/\/www.messinaoggi.it\/website\/wp-json\/wp\/v2\/tags?post=94695"}],"curies":[{"name":"wp","href":"https:\/\/api.w.org\/{rel}","templated":true}]}}