{"id":94663,"date":"2022-01-24T11:07:41","date_gmt":"2022-01-24T10:07:41","guid":{"rendered":"https:\/\/www.messinaoggi.it\/website\/2022\/01\/24\/quirinale-tajani-da-noi-nomi-darea-il-resto-si-vedra-dopo\/"},"modified":"2022-01-24T11:07:41","modified_gmt":"2022-01-24T10:07:41","slug":"quirinale-tajani-da-noi-nomi-darea-il-resto-si-vedra-dopo","status":"publish","type":"post","link":"https:\/\/www.messinaoggi.it\/website\/2022\/01\/24\/quirinale-tajani-da-noi-nomi-darea-il-resto-si-vedra-dopo\/","title":{"rendered":"Quirinale, Tajani \u201cDa noi nomi d\u2019area, il resto si vedr\u00e0 dopo\u201d"},"content":{"rendered":"<div>ROMA (ITALPRESS) &#8211; Nessun motivo di salute ma &#8220;una scelta nell&#8217;interesse dell&#8217;Italia. Un grande atto di generosit\u00e0&#8221;. Cos\u00ec Antonio Tajani, vice presidente e coordinatore nazionale di Forza Italia, in un&#8217;intervista al Corriere della Sera spiega la scelta del leader del partito di ritirarsi dalla corso al Colle.<br \/>&#8220;Ha prevalso l&#8217;interesse generale. Berlusconi non voleva divisioni, non voleva che il suo nome diventasse oggetto di scontro. La sua \u00e8 stata una lezione a tutti di attaccamento all&#8217;Italia e alle istituzioni&#8221;, sottolinea. Ora &#8220;Ha tutte le intenzioni di giocare con gli alleati la partita. E quella che pensa, che pensiamo tutti in Forza Italia, \u00e8 che sia un nostro diritto proporre nomi di area di centrodestra&#8221;. Per Tajani quelle di Letta sono dichiarazioni &#8220;inaccettabile. Non \u00e8 pensabile che esista un veto a nomi della nostra area, come fossimo cittadini di serie B e non i rappresentanti della maggioranza degli italiani&#8221;. Quanto a Draghi &#8220;noi non mettiamo veti, ma diciamo che sta bene dove sta, perch\u00e8 \u00e8 l&#8217;unico che pu\u00f2 tenere assieme una maggioranza tale da reggere un governo di unit\u00e0 nazionale, indispensabile per affrontare pandemia, crisi economica e tener fede agli impegni previsti dal Pnrr. Serve un premier in carica fino a fine legislatura, e lui \u00e8 l&#8217;unico che pu\u00f2 farlo&#8221;. Quindi &#8220;proporremo un presidente di centrodestra, una rosa, e da qui vogliamo partire. Il resto si vedr\u00e0 solo dopo, eventualmente&#8221;, chiosa Tajani.<br \/>(ITALPRESS).<\/div>\n<div id=\"div-gpt-ad-Messinaoggi.it-DSK-300x250-corpoart\" style=\"text-align:center;margin:0 auto;\"><\/div><\/p><div id=\"videoincontent\" style=\"clear:both\";><\/div>","protected":false},"excerpt":{"rendered":"<p>ROMA (ITALPRESS) &#8211; Nessun motivo di salute ma &#8220;una scelta nell&#8217;interesse dell&#8217;Italia. Un grande atto di generosit\u00e0&#8221;. Cos\u00ec Antonio Tajani, vice presidente e coordinatore nazionale di Forza Italia, in un&#8217;intervista al Corriere della Sera spiega la scelta del leader del partito di ritirarsi dalla corso al Colle.&#8220;Ha prevalso l&#8217;interesse generale. Berlusconi non voleva divisioni, non [&hellip;]<\/p>\n","protected":false},"author":18,"featured_media":94664,"comment_status":"closed","ping_status":"closed","sticky":false,"template":"","format":"standard","meta":{"ub_ctt_via":"","_mi_skip_tracking":false},"categories":[446],"tags":[783],"featured_image_src":"https:\/\/www.messinaoggi.it\/website\/wp-content\/uploads\/2022\/01\/20220124_0248.jpg","author_info":{"display_name":"Admin","author_link":"https:\/\/www.messinaoggi.it\/website\/author\/admin\/"},"digistream_id":0,"digistream":false,"_links":{"self":[{"href":"https:\/\/www.messinaoggi.it\/website\/wp-json\/wp\/v2\/posts\/94663"}],"collection":[{"href":"https:\/\/www.messinaoggi.it\/website\/wp-json\/wp\/v2\/posts"}],"about":[{"href":"https:\/\/www.messinaoggi.it\/website\/wp-json\/wp\/v2\/types\/post"}],"author":[{"embeddable":true,"href":"https:\/\/www.messinaoggi.it\/website\/wp-json\/wp\/v2\/users\/18"}],"replies":[{"embeddable":true,"href":"https:\/\/www.messinaoggi.it\/website\/wp-json\/wp\/v2\/comments?post=94663"}],"version-history":[{"count":0,"href":"https:\/\/www.messinaoggi.it\/website\/wp-json\/wp\/v2\/posts\/94663\/revisions"}],"wp:featuredmedia":[{"embeddable":true,"href":"https:\/\/www.messinaoggi.it\/website\/wp-json\/wp\/v2\/media\/94664"}],"wp:attachment":[{"href":"https:\/\/www.messinaoggi.it\/website\/wp-json\/wp\/v2\/media?parent=94663"}],"wp:term":[{"taxonomy":"category","embeddable":true,"href":"https:\/\/www.messinaoggi.it\/website\/wp-json\/wp\/v2\/categories?post=94663"},{"taxonomy":"post_tag","embeddable":true,"href":"https:\/\/www.messinaoggi.it\/website\/wp-json\/wp\/v2\/tags?post=94663"}],"curies":[{"name":"wp","href":"https:\/\/api.w.org\/{rel}","templated":true}]}}