{"id":94621,"date":"2022-01-23T20:07:32","date_gmt":"2022-01-23T19:07:32","guid":{"rendered":"https:\/\/www.messinaoggi.it\/website\/2022\/01\/23\/quirinale-salvini-faremo-piu-nomi-e-draghi-resti-dove\/"},"modified":"2022-01-23T20:07:32","modified_gmt":"2022-01-23T19:07:32","slug":"quirinale-salvini-faremo-piu-nomi-e-draghi-resti-dove","status":"publish","type":"post","link":"https:\/\/www.messinaoggi.it\/website\/2022\/01\/23\/quirinale-salvini-faremo-piu-nomi-e-draghi-resti-dove\/","title":{"rendered":"Quirinale, Salvini: \u201cFaremo pi\u00f9 nomi e Draghi resti dov\u2019\u00e8\u201d"},"content":{"rendered":"<div>ROMA (ITALPRESS) &#8211; &#8220;E&#8217; stata una domenica di lavoro utile, ho sentito e raccolto proposte, ringrazio Berlusconi per la generosit\u00e0 e la scelta che ha tolto il campo da veti. Sto raccogliendo proposte di profili di assoluto spessore nazionale e internazionale&#8221;. Cos\u00ec Matteo Salvini, segretario nazionale della Lega, a &#8220;Che Tempo che Fa&#8221; su Rai3 nel punto stampa dopo gli incontri con capigruppo e grandi elettori. Poi ha aggiunto: &#8220;Mi dispiace che da Letta arrivino no pregiudiziali. No a Berlusconi e a qualsiasi candidato del centrodestra non \u00e8 il modo per eleggere il presidente della Repubblica. L&#8217;Italia merita che sia eletto il pi\u00f9 velocemente possibile. Il centrodestra \u00e8 maggioranza relativa e ha diritto e dovere di fare proposte. Il no del centrosinistra senza sapere di chi stiamo parlando, cio\u00e8 di donne e uomini di assoluto spessore, non \u00e8 accettabile. Sto raccogliendo proposte, di nomi ce ne saranno due, tre quattro, spero che la sinistra non dica no a tutti&#8221;. &#8220;L&#8217;Italia non merita confusione. Ritengo che togliere Draghi da presidente del consiglio sarebbe pericoloso perch\u00e8 l&#8217;Italia \u00e8 in un momento difficile e reinvetarsi un nuovo governo daccapo fermerebbe la ripresa &#8211; ha sottolineato -. Noi non imporremo niente a nessuno ma proporremo. Rinnovo l&#8217;invito a incontrarci, ma non puoi sederti al tavolo dicendo che qualunque proposta far\u00e0 la fine di Berlusconi, \u00e8 di dubbio gusto. Incontrer\u00f2 Letta domani&#8221;. <br \/>(ITALPRESS).<\/div>\n<div id=\"div-gpt-ad-Messinaoggi.it-DSK-300x250-corpoart\" style=\"text-align:center;margin:0 auto;\"><\/div><\/p><div id=\"videoincontent\" style=\"clear:both\";><\/div>","protected":false},"excerpt":{"rendered":"<p>ROMA (ITALPRESS) &#8211; &#8220;E&#8217; stata una domenica di lavoro utile, ho sentito e raccolto proposte, ringrazio Berlusconi per la generosit\u00e0 e la scelta che ha tolto il campo da veti. Sto raccogliendo proposte di profili di assoluto spessore nazionale e internazionale&#8221;. Cos\u00ec Matteo Salvini, segretario nazionale della Lega, a &#8220;Che Tempo che Fa&#8221; su Rai3 [&hellip;]<\/p>\n","protected":false},"author":18,"featured_media":94622,"comment_status":"closed","ping_status":"closed","sticky":false,"template":"","format":"standard","meta":{"ub_ctt_via":"","_mi_skip_tracking":false},"categories":[446],"tags":[783],"featured_image_src":"https:\/\/www.messinaoggi.it\/website\/wp-content\/uploads\/2022\/01\/20220123_2039-300x206-1.jpg","author_info":{"display_name":"Admin","author_link":"https:\/\/www.messinaoggi.it\/website\/author\/admin\/"},"digistream_id":0,"digistream":false,"_links":{"self":[{"href":"https:\/\/www.messinaoggi.it\/website\/wp-json\/wp\/v2\/posts\/94621"}],"collection":[{"href":"https:\/\/www.messinaoggi.it\/website\/wp-json\/wp\/v2\/posts"}],"about":[{"href":"https:\/\/www.messinaoggi.it\/website\/wp-json\/wp\/v2\/types\/post"}],"author":[{"embeddable":true,"href":"https:\/\/www.messinaoggi.it\/website\/wp-json\/wp\/v2\/users\/18"}],"replies":[{"embeddable":true,"href":"https:\/\/www.messinaoggi.it\/website\/wp-json\/wp\/v2\/comments?post=94621"}],"version-history":[{"count":0,"href":"https:\/\/www.messinaoggi.it\/website\/wp-json\/wp\/v2\/posts\/94621\/revisions"}],"wp:featuredmedia":[{"embeddable":true,"href":"https:\/\/www.messinaoggi.it\/website\/wp-json\/wp\/v2\/media\/94622"}],"wp:attachment":[{"href":"https:\/\/www.messinaoggi.it\/website\/wp-json\/wp\/v2\/media?parent=94621"}],"wp:term":[{"taxonomy":"category","embeddable":true,"href":"https:\/\/www.messinaoggi.it\/website\/wp-json\/wp\/v2\/categories?post=94621"},{"taxonomy":"post_tag","embeddable":true,"href":"https:\/\/www.messinaoggi.it\/website\/wp-json\/wp\/v2\/tags?post=94621"}],"curies":[{"name":"wp","href":"https:\/\/api.w.org\/{rel}","templated":true}]}}