{"id":94570,"date":"2022-01-23T15:07:32","date_gmt":"2022-01-23T14:07:32","guid":{"rendered":"https:\/\/www.messinaoggi.it\/website\/2022\/01\/23\/cagliari-fiorentina-1-1-sardi-raggiunti-dai-viola-in-dieci\/"},"modified":"2022-01-23T15:07:32","modified_gmt":"2022-01-23T14:07:32","slug":"cagliari-fiorentina-1-1-sardi-raggiunti-dai-viola-in-dieci","status":"publish","type":"post","link":"https:\/\/www.messinaoggi.it\/website\/2022\/01\/23\/cagliari-fiorentina-1-1-sardi-raggiunti-dai-viola-in-dieci\/","title":{"rendered":"Cagliari-Fiorentina 1-1, sardi raggiunti dai viola in dieci"},"content":{"rendered":"<div>CAGLIARI (ITALPRESS) &#8211; Tante assenze, un rigore sbagliato a testa e un&#8217;espulsione. Senza Vlahovic, la Fiorentina in dieci uomini riesce a pareggiare 1-1 sul campo del Cagliari. Tra squalifiche (Pavoletti e Carboni), covid (tre positivi) e infortuni (Nandez indisponibile dell&#8217;ultim&#8217;ora), anche Mazzarri \u00e8 costretto a schierare una formazione d&#8217;emergenza. Nel 3-5-2 Pereiro \u00e8 il partner di Joao Pedro, Obert il terzo in difesa con Dalbert tra gli interni di centrocampo. La squadra di Italiano ha mancato l&#8217;appuntamento con la rete in quattro delle ultime sette trasferte in Serie A, mentre il Cagliari prende gol da dodici partite interne consecutive. E l&#8217;avvio di gara offre subito la chance dell&#8217;1-0 ai viola: Bellanova non legge il taglio di Odriozola e lo stende in area, l&#8217;arbitro Aureliano concede il rigore ma Biraghi dagli undici metri si vede negare il gol da Radunovic. Al 24&#8242; si accende Gonzalez con una azione personale conclusa con un diagonale mancino debole e impreciso. La risposta sarda \u00e8 affidata al solito Joao Pedro che trova lo spazio per il tiro e colpisce il palo lontano da posizione defilata in area. All&#8217;attaccante serve una rete per diventare il quarto brasiliano (dopo Adriano, Kaka, Pato) ad andare in doppia cifra di gol in almeno tre diversi campionati di Serie A. E quel gol arriva al 47&#8242;: calcio d&#8217;angolo dalla sinistra e colpo di testa vincente sotto la traversa. Al 63&#8242; altra possibile svolta del match: Joao Pedro va a colpire di testa e spinge Odriozola che la tocca col braccio in caduta, Aureliano per\u00f2 concede il rigore ed espelle l&#8217;ex Real Madrid. Ma dagli undici metri Terracciano risponde a Radunovic e para il penalty di Joao Pedro. La beffa per il Cagliari \u00e8 dietro l&#8217;angolo e porta la firma di un ex: Sottil &#8211; subentrato a Ikone &#8211; punta Goldaniga in ripartenza e batte Radunovic col diagonale. Tanto nervosismo nel finale, a farne le spese \u00e8 soprattutto Joao Pedro che salter\u00e0 l&#8217;Atalanta per somma di ammonizioni. Ma il risultato non cambia pi\u00f9.<br \/>(ITALPRESS).<\/div>\n<div id=\"div-gpt-ad-Messinaoggi.it-DSK-300x250-corpoart\" style=\"text-align:center;margin:0 auto;\"><\/div><\/p><div id=\"videoincontent\" style=\"clear:both\";><\/div>","protected":false},"excerpt":{"rendered":"<p>CAGLIARI (ITALPRESS) &#8211; Tante assenze, un rigore sbagliato a testa e un&#8217;espulsione. Senza Vlahovic, la Fiorentina in dieci uomini riesce a pareggiare 1-1 sul campo del Cagliari. Tra squalifiche (Pavoletti e Carboni), covid (tre positivi) e infortuni (Nandez indisponibile dell&#8217;ultim&#8217;ora), anche Mazzarri \u00e8 costretto a schierare una formazione d&#8217;emergenza. Nel 3-5-2 Pereiro \u00e8 il partner [&hellip;]<\/p>\n","protected":false},"author":18,"featured_media":94571,"comment_status":"closed","ping_status":"closed","sticky":false,"template":"","format":"standard","meta":{"ub_ctt_via":"","_mi_skip_tracking":false},"categories":[446],"tags":[783],"featured_image_src":"https:\/\/www.messinaoggi.it\/website\/wp-content\/uploads\/2022\/01\/20220123_0427.jpg","author_info":{"display_name":"Admin","author_link":"https:\/\/www.messinaoggi.it\/website\/author\/admin\/"},"digistream_id":0,"digistream":false,"_links":{"self":[{"href":"https:\/\/www.messinaoggi.it\/website\/wp-json\/wp\/v2\/posts\/94570"}],"collection":[{"href":"https:\/\/www.messinaoggi.it\/website\/wp-json\/wp\/v2\/posts"}],"about":[{"href":"https:\/\/www.messinaoggi.it\/website\/wp-json\/wp\/v2\/types\/post"}],"author":[{"embeddable":true,"href":"https:\/\/www.messinaoggi.it\/website\/wp-json\/wp\/v2\/users\/18"}],"replies":[{"embeddable":true,"href":"https:\/\/www.messinaoggi.it\/website\/wp-json\/wp\/v2\/comments?post=94570"}],"version-history":[{"count":0,"href":"https:\/\/www.messinaoggi.it\/website\/wp-json\/wp\/v2\/posts\/94570\/revisions"}],"wp:featuredmedia":[{"embeddable":true,"href":"https:\/\/www.messinaoggi.it\/website\/wp-json\/wp\/v2\/media\/94571"}],"wp:attachment":[{"href":"https:\/\/www.messinaoggi.it\/website\/wp-json\/wp\/v2\/media?parent=94570"}],"wp:term":[{"taxonomy":"category","embeddable":true,"href":"https:\/\/www.messinaoggi.it\/website\/wp-json\/wp\/v2\/categories?post=94570"},{"taxonomy":"post_tag","embeddable":true,"href":"https:\/\/www.messinaoggi.it\/website\/wp-json\/wp\/v2\/tags?post=94570"}],"curies":[{"name":"wp","href":"https:\/\/api.w.org\/{rel}","templated":true}]}}