{"id":94562,"date":"2022-01-23T11:07:36","date_gmt":"2022-01-23T10:07:36","guid":{"rendered":"https:\/\/www.messinaoggi.it\/website\/2022\/01\/23\/quirinale-di-battista-spettacolo-indecoroso-della-politica\/"},"modified":"2022-01-23T19:45:53","modified_gmt":"2022-01-23T18:45:53","slug":"quirinale-di-battista-spettacolo-indecoroso-della-politica","status":"publish","type":"post","link":"https:\/\/www.messinaoggi.it\/website\/2022\/01\/23\/quirinale-di-battista-spettacolo-indecoroso-della-politica\/","title":{"rendered":"Quirinale, Di Battista \u201cSpettacolo indecoroso della politica\u201d"},"content":{"rendered":"<div>ROMA (ITALPRESS) &#8211; &#8220;Credo sia uno spettacolo poco decoroso, sia per i nomi che circolano ma soprattutto in virt\u00f9 della manifesta visione di un distanziamento che vi \u00e8 tra pubblica opinione e politica. C&#8217;\u00e8 una disaffezione totale dei cittadini, le persone non votano pi\u00f9 perch\u00e8 si rendono conto di non avere la licenza di incidere&#8221;. Lo ha detto Alessandro Di Battista, ospite di &#8216;Agend\u00e0 su Sky TG 24 a proposito dell&#8217;elezione del presidente della Repubblica. &#8220;Nel 2018 ha votato per un governo di cambiamento e oggi si ritrovano con Brunetta ministro, Carfagna ministro, Draghi presidente del Consiglio &#8211; prosegue l&#8217;ex esponente del Movimento 5 Stelle &#8211; si trovano partiti che riescono a tirare fuori il nome di Berlusconi, oppure Draghi che dovrebbe lasciare Palazzo Chigi e un lavoro che non \u00e8 stato fatto bene o concluso. Oppure Casini, Pera, Letta, Amata&#8230; Con tutto il rispetto dei dinosauri della prima Repubblica con passati torbidi, vederli come ipotetici Capi dello Stato in un momento drammatico sotto il livello sociale, economico e psicologico&#8221;. &#8220;Draghi nel discorso di insediamento parl\u00f2 di riforme cavouriane, cosa \u00e8 stato fatto? Nulla, quindi ci sar\u00e0 ancora da fare. Come pu\u00f2 un Presidente del Consiglio che cita Cavour stare zitto nella speranza di poter traslocare al Quirinale? Per me \u00e8 indecoroso, \u00e8 diserzione&#8221;. &#8220;Il patto di stabilit\u00e0 non \u00e8 servito a nulla. Io sono convinto che Conte sia stato sostituito da Draghi anche per un necessario e sacrosanto indebitamento fatto in epoca pandemica per ristorare tante persone &#8211; prosegue l&#8217;ex esponente del M5S &#8211; i denari messi a disposizione per il caro bollette sono incredibilmente insufficienti&#8221;. &#8220;Movimento 5 Stelle? Ho provato a indicare determinati errori ma mi hanno trattato come Laocoonte. Oggi Conte ha ragione, sono convinto che si stia giustamente opponendo all&#8217;elezione di Draghi al Quirinale&#8221;. &#8220;Conte non deve mollare, deve tenere la barra dritta perch\u00e8 \u00e8 importante per la democrazia stessa &#8211; prosegue l&#8217;ex esponente del M5S &#8211; Stanno unendo l&#8217;elezione del Capo dello Stato alla formazione del prossimo governo, \u00e8 uno stupro della democrazia&#8221;.<br \/>\n(ITALPRESS).<\/div>\n<div id=\"div-gpt-ad-Messinaoggi.it-DSK-300x250-corpoart\" style=\"text-align:center;margin:0 auto;\"><\/div><\/p><div id=\"videoincontent\" style=\"clear:both\";><\/div>","protected":false},"excerpt":{"rendered":"<p>ROMA (ITALPRESS) &#8211; &#8220;Credo sia uno spettacolo poco decoroso, sia per i nomi che circolano ma soprattutto in virt\u00f9 della manifesta visione di un distanziamento che vi \u00e8 tra pubblica opinione e politica. C&#8217;\u00e8 una disaffezione totale dei cittadini, le persone non votano pi\u00f9 perch\u00e8 si rendono conto di non avere la licenza di incidere&#8221;. [&hellip;]<\/p>\n","protected":false},"author":18,"featured_media":94563,"comment_status":"closed","ping_status":"closed","sticky":false,"template":"","format":"standard","meta":{"ub_ctt_via":"","_mi_skip_tracking":false},"categories":[446,4],"tags":[783],"featured_image_src":"https:\/\/www.messinaoggi.it\/website\/wp-content\/uploads\/2022\/01\/20220123_0196.jpg","author_info":{"display_name":"Admin","author_link":"https:\/\/www.messinaoggi.it\/website\/author\/admin\/"},"digistream_id":0,"digistream":false,"_links":{"self":[{"href":"https:\/\/www.messinaoggi.it\/website\/wp-json\/wp\/v2\/posts\/94562"}],"collection":[{"href":"https:\/\/www.messinaoggi.it\/website\/wp-json\/wp\/v2\/posts"}],"about":[{"href":"https:\/\/www.messinaoggi.it\/website\/wp-json\/wp\/v2\/types\/post"}],"author":[{"embeddable":true,"href":"https:\/\/www.messinaoggi.it\/website\/wp-json\/wp\/v2\/users\/18"}],"replies":[{"embeddable":true,"href":"https:\/\/www.messinaoggi.it\/website\/wp-json\/wp\/v2\/comments?post=94562"}],"version-history":[{"count":1,"href":"https:\/\/www.messinaoggi.it\/website\/wp-json\/wp\/v2\/posts\/94562\/revisions"}],"predecessor-version":[{"id":94619,"href":"https:\/\/www.messinaoggi.it\/website\/wp-json\/wp\/v2\/posts\/94562\/revisions\/94619"}],"wp:featuredmedia":[{"embeddable":true,"href":"https:\/\/www.messinaoggi.it\/website\/wp-json\/wp\/v2\/media\/94563"}],"wp:attachment":[{"href":"https:\/\/www.messinaoggi.it\/website\/wp-json\/wp\/v2\/media?parent=94562"}],"wp:term":[{"taxonomy":"category","embeddable":true,"href":"https:\/\/www.messinaoggi.it\/website\/wp-json\/wp\/v2\/categories?post=94562"},{"taxonomy":"post_tag","embeddable":true,"href":"https:\/\/www.messinaoggi.it\/website\/wp-json\/wp\/v2\/tags?post=94562"}],"curies":[{"name":"wp","href":"https:\/\/api.w.org\/{rel}","templated":true}]}}