{"id":94550,"date":"2022-01-23T09:07:37","date_gmt":"2022-01-23T08:07:37","guid":{"rendered":"https:\/\/www.messinaoggi.it\/website\/2022\/01\/23\/primo-piano-quirinale-dal-24-gennaio-lo-speciale-dellitalpress\/"},"modified":"2022-01-23T09:07:37","modified_gmt":"2022-01-23T08:07:37","slug":"primo-piano-quirinale-dal-24-gennaio-lo-speciale-dellitalpress","status":"publish","type":"post","link":"https:\/\/www.messinaoggi.it\/website\/2022\/01\/23\/primo-piano-quirinale-dal-24-gennaio-lo-speciale-dellitalpress\/","title":{"rendered":"\u201cPrimo Piano Quirinale\u201d, dal 24 gennaio lo speciale dell\u2019Italpress"},"content":{"rendered":"<div>ROMA (ITALPRESS) &#8211; Dal 24 gennaio l&#8217;agenzia Italpress produrr\u00e0 una striscia quotidiana sulle elezioni del prossimo Presidente della Repubblica, con un appuntamento giornaliero di &#8220;Primo Piano Quirinale&#8221;.<br \/>Trenta minuti al giorno in diretta Facebook dallo studio di Roma con Claudio Brachino per raccontare l&#8217;elezione del Capo dello Stato, una delle pi\u00f9 complesse della storia della Repubblica. Con gli inviati dell&#8217;agenzia e l&#8217;editorialista politico dell&#8217;Italpress Gianfranco D&#8217;Anna, gi\u00e0 condirettore di Gr Rai Parlamento, ci saranno politici e giornalisti e gli esperti dell&#8217;Universit\u00e0 Cattolica, per completare l&#8217;analisi della giornata. <br \/>La striscia quotidiana andr\u00e0 in onda anche su un network di oltre 100 emittenti televisive dall&#8217;Alto Adige alla Sicilia, su circa 300 siti e portali internet abbonate all&#8217;Italpress e sul sito Primaonline.it.<br \/>&#8220;In poco pi\u00f9 di un anno &#8211; dice Brachino &#8211; Primo Piano \u00e8 diventata una delle rubriche di riferimento della politica italiana e un avamposto linguistico della nuova medialit\u00e0 delle agenzie di stampa. Una rubrica che non \u00e8 solo un One to one ma anche un modo per raccontare i grandi fatti. Era successo con il sogno degli Europei, succeder\u00e0 ora con l&#8217;evento pi\u00f9 importante dell&#8217;anno, l&#8217;elezione del Presidente della Repubblica. 30 minuti tutti i giorni, in diretta, con le notizie, i retroscena, i grandi opinionisti. Primo piano c&#8217;\u00e8, Italpress c&#8217;\u00e8!&#8221;.<br \/>&#8220;Continua &#8211; afferma il direttore responsabile Gaspare Borsellino &#8211; la crescita ed il potenziamento della nostra agenzia sul versante Multimediale con la realizzazione di nuovi format video che offriamo quotidianamente ad oltre 500 fra Giornali, Radio, Tv e siti internet che fanno parte del nostro ampio network in continua e costante crescita. Grazie all&#8217;esperienza ed all&#8217;autorevolezza di un giornalista e direttore come Claudio Brachino stiamo proseguendo ad ampliare e consolidare un progetto di ben pi\u00f9 ampio respiro che prevede entro i prossimi mesi la realizzazione di nuovi format multimediali e produzioni video ed audio&#8221;.<br \/>(ITALPRESS).<\/div>\n<div id=\"div-gpt-ad-Messinaoggi.it-DSK-300x250-corpoart\" style=\"text-align:center;margin:0 auto;\"><\/div><\/p><div id=\"videoincontent\" style=\"clear:both\";><\/div>","protected":false},"excerpt":{"rendered":"<p>ROMA (ITALPRESS) &#8211; Dal 24 gennaio l&#8217;agenzia Italpress produrr\u00e0 una striscia quotidiana sulle elezioni del prossimo Presidente della Repubblica, con un appuntamento giornaliero di &#8220;Primo Piano Quirinale&#8221;.Trenta minuti al giorno in diretta Facebook dallo studio di Roma con Claudio Brachino per raccontare l&#8217;elezione del Capo dello Stato, una delle pi\u00f9 complesse della storia della Repubblica. [&hellip;]<\/p>\n","protected":false},"author":18,"featured_media":94551,"comment_status":"closed","ping_status":"closed","sticky":false,"template":"","format":"standard","meta":{"ub_ctt_via":"","_mi_skip_tracking":false},"categories":[446],"tags":[783],"featured_image_src":"https:\/\/www.messinaoggi.it\/website\/wp-content\/uploads\/2022\/01\/20220123_0106.jpg","author_info":{"display_name":"Admin","author_link":"https:\/\/www.messinaoggi.it\/website\/author\/admin\/"},"digistream_id":0,"digistream":false,"_links":{"self":[{"href":"https:\/\/www.messinaoggi.it\/website\/wp-json\/wp\/v2\/posts\/94550"}],"collection":[{"href":"https:\/\/www.messinaoggi.it\/website\/wp-json\/wp\/v2\/posts"}],"about":[{"href":"https:\/\/www.messinaoggi.it\/website\/wp-json\/wp\/v2\/types\/post"}],"author":[{"embeddable":true,"href":"https:\/\/www.messinaoggi.it\/website\/wp-json\/wp\/v2\/users\/18"}],"replies":[{"embeddable":true,"href":"https:\/\/www.messinaoggi.it\/website\/wp-json\/wp\/v2\/comments?post=94550"}],"version-history":[{"count":0,"href":"https:\/\/www.messinaoggi.it\/website\/wp-json\/wp\/v2\/posts\/94550\/revisions"}],"wp:featuredmedia":[{"embeddable":true,"href":"https:\/\/www.messinaoggi.it\/website\/wp-json\/wp\/v2\/media\/94551"}],"wp:attachment":[{"href":"https:\/\/www.messinaoggi.it\/website\/wp-json\/wp\/v2\/media?parent=94550"}],"wp:term":[{"taxonomy":"category","embeddable":true,"href":"https:\/\/www.messinaoggi.it\/website\/wp-json\/wp\/v2\/categories?post=94550"},{"taxonomy":"post_tag","embeddable":true,"href":"https:\/\/www.messinaoggi.it\/website\/wp-json\/wp\/v2\/tags?post=94550"}],"curies":[{"name":"wp","href":"https:\/\/api.w.org\/{rel}","templated":true}]}}