{"id":94546,"date":"2022-01-23T09:07:35","date_gmt":"2022-01-23T08:07:35","guid":{"rendered":"https:\/\/www.messinaoggi.it\/website\/2022\/01\/23\/quirinale-lupi-da-beluscononi-sacrificio-ora-unita-e-dialogo\/"},"modified":"2022-01-23T10:21:31","modified_gmt":"2022-01-23T09:21:31","slug":"quirinale-lupi-da-beluscononi-sacrificio-ora-unita-e-dialogo","status":"publish","type":"post","link":"https:\/\/www.messinaoggi.it\/website\/2022\/01\/23\/quirinale-lupi-da-beluscononi-sacrificio-ora-unita-e-dialogo\/","title":{"rendered":"Quirinale, Lupi \u201cDa Beluscononi sacrificio. Ora unit\u00e0 e dialogo\u201d"},"content":{"rendered":"<div>ROMA (ITALPRESS) &#8211; &#8220;La fermo. Non \u00e8 stato un passo indietro ma in avanti&#8221;. Lo ha detto, in un&#8217;intervista al Corriere della Sera, Maurizio Lupi, leader di Noi con l&#8217;Italia e ex ministro dei Trasporti. Lo crede davvero? &#8220;Certo. Lui si \u00e8 assunto la responsabilit\u00e0 di non andare a vedere se i voti erano sufficienti. Ed era l&#8217;unico che aveva la possibilit\u00e0 di farcela&#8221;. Allora perch\u00e8 non ha tentato? &#8220;Ha preferito fare il sacrificio&#8221;. Sacrificio? &#8220;Per sapere se aveva o no i voti avrebbe dovuto aspettare la quarta votazione. Invece ha lasciato pi\u00f9 spazio di manovra al dialogo. E in questo modo ha rimesso addirittura nell&#8217;angolo il Centrosinistra&#8221;. In che modo? &#8220;Adesso non potranno pi\u00f9 mettere veti su tutti i nostri candidati&#8221;. &#8220;Noi abbiamo individuato un metodo. Da subito Matteo Salvini dialogher\u00e0 con tutti per individuare una rosa di nomi sulla quale noi esprimeremo la nostra posizione&#8230;&#8221;.<br \/>\n(ITALPRESS).<\/div>\n<div id=\"div-gpt-ad-Messinaoggi.it-DSK-300x250-corpoart\" style=\"text-align:center;margin:0 auto;\"><\/div><\/p><div id=\"videoincontent\" style=\"clear:both\";><\/div>","protected":false},"excerpt":{"rendered":"<p>ROMA (ITALPRESS) &#8211; &#8220;La fermo. Non \u00e8 stato un passo indietro ma in avanti&#8221;. Lo ha detto, in un&#8217;intervista al Corriere della Sera, Maurizio Lupi, leader di Noi con l&#8217;Italia e ex ministro dei Trasporti. Lo crede davvero? &#8220;Certo. Lui si \u00e8 assunto la responsabilit\u00e0 di non andare a vedere se i voti erano sufficienti. [&hellip;]<\/p>\n","protected":false},"author":18,"featured_media":94547,"comment_status":"closed","ping_status":"closed","sticky":false,"template":"","format":"standard","meta":{"ub_ctt_via":"","_mi_skip_tracking":false},"categories":[446,4],"tags":[783],"featured_image_src":"https:\/\/www.messinaoggi.it\/website\/wp-content\/uploads\/2022\/01\/20220123_0101.jpg","author_info":{"display_name":"Admin","author_link":"https:\/\/www.messinaoggi.it\/website\/author\/admin\/"},"digistream_id":0,"digistream":false,"_links":{"self":[{"href":"https:\/\/www.messinaoggi.it\/website\/wp-json\/wp\/v2\/posts\/94546"}],"collection":[{"href":"https:\/\/www.messinaoggi.it\/website\/wp-json\/wp\/v2\/posts"}],"about":[{"href":"https:\/\/www.messinaoggi.it\/website\/wp-json\/wp\/v2\/types\/post"}],"author":[{"embeddable":true,"href":"https:\/\/www.messinaoggi.it\/website\/wp-json\/wp\/v2\/users\/18"}],"replies":[{"embeddable":true,"href":"https:\/\/www.messinaoggi.it\/website\/wp-json\/wp\/v2\/comments?post=94546"}],"version-history":[{"count":1,"href":"https:\/\/www.messinaoggi.it\/website\/wp-json\/wp\/v2\/posts\/94546\/revisions"}],"predecessor-version":[{"id":94560,"href":"https:\/\/www.messinaoggi.it\/website\/wp-json\/wp\/v2\/posts\/94546\/revisions\/94560"}],"wp:featuredmedia":[{"embeddable":true,"href":"https:\/\/www.messinaoggi.it\/website\/wp-json\/wp\/v2\/media\/94547"}],"wp:attachment":[{"href":"https:\/\/www.messinaoggi.it\/website\/wp-json\/wp\/v2\/media?parent=94546"}],"wp:term":[{"taxonomy":"category","embeddable":true,"href":"https:\/\/www.messinaoggi.it\/website\/wp-json\/wp\/v2\/categories?post=94546"},{"taxonomy":"post_tag","embeddable":true,"href":"https:\/\/www.messinaoggi.it\/website\/wp-json\/wp\/v2\/tags?post=94546"}],"curies":[{"name":"wp","href":"https:\/\/api.w.org\/{rel}","templated":true}]}}