{"id":94536,"date":"2022-01-22T20:07:36","date_gmt":"2022-01-22T19:07:36","guid":{"rendered":"https:\/\/www.messinaoggi.it\/website\/2022\/01\/22\/berlusconi-rinuncia-alla-candidatura-al-colle-draghi-resti-premier\/"},"modified":"2022-01-22T20:07:36","modified_gmt":"2022-01-22T19:07:36","slug":"berlusconi-rinuncia-alla-candidatura-al-colle-draghi-resti-premier","status":"publish","type":"post","link":"https:\/\/www.messinaoggi.it\/website\/2022\/01\/22\/berlusconi-rinuncia-alla-candidatura-al-colle-draghi-resti-premier\/","title":{"rendered":"Berlusconi rinuncia alla candidatura al Colle \u201cDraghi resti premier\u201d"},"content":{"rendered":"<div>ROMA (ITALPRESS) &#8211; Silvio Berlusconi rinuncia a candidarsi al Quirinale. L&#8217;annuncio con un lungo comunicato letto dalla senatrice Licia Ronzulli durante il vertice di centrodestra.<br \/>&#8220;Sono davvero grato, dal profondo del cuore, alle molte migliaia di italiane e italiani che, in questi giorni, mi hanno manifestato affetto, sostegno e incoraggiamento da quando il mio nome \u00e8 stato indicato per la Presidenza della Repubblica&#8221;, afferma Berlusconi nel comunicato. &#8220;Dopo innumerevoli incontri con parlamentari e delegati regionali, anche e soprattutto appartenenti a schieramenti diversi della coalizione di centro-destra, ho verificato l&#8217;esistenza di numeri sufficienti per l&#8217;elezione&#8221;, prosegue.<br \/>&#8220;L&#8217;Italia oggi ha bisogno di unit\u00e0, al di l\u00e0 della distinzione maggioranza-opposizione, intorno allo sforzo per combattere la gravissima emergenza sanitaria, per far uscire il paese dalla crisi &#8211; spiega Berlusconi -. La Nazione riparte nei momenti difficili se tutti sappiamo trovare, come avvenne nel dopoguerra, un senso comune di appartenenza nella nostra democrazia, superando le lacerazioni e al di l\u00e0 delle legittime ed anzi necessarie distinzioni. Per queste ragioni sono stato il primo a volere un governo di Unit\u00e0 Nazionale che raccogliesse le migliori energie del Paese, e che &#8211; con il concorso costruttivo anche dell&#8217;opposizione &#8211; \u00e8 servito ad avviare un percorso virtuoso che oggi pi\u00f9 che mai, alla luce della situazione sanitaria ed economica, deve andare avanti. Per questo considero necessario che il governo Draghi completi la sua opera fino alla fine della legislatura per dare attuazione al PNRR, proseguendo il processo riformatore indispensabile che riguarda il fisco, la giustizia, la burocrazia&#8221;.<br \/>&#8220;In questo stesso spirito, ho deciso di compiere un altro passo sulla strada della responsabilit\u00e0 nazionale, chiedendo a quanti lo hanno proposto di rinunciare ad indicare il mio nome per la Presidenza della Repubblica. Continuer\u00f2 a servire il mio Paese in altro modo, come ho fatto in questi anni, da leader politico e da Parlamentare Europeo, evitando che sul mio nome si consumino polemiche o lacerazioni che non trovano giustificazioni che oggi la Nazione non pu\u00f2 permettersi &#8211; spiega Berlusconi -. Da oggi lavoreremo quindi con i leader del centro-destra &#8211; che rappresenta la maggioranza nel Paese ed a cui spetta l&#8217;onere della proposta &#8211; per concordare un nome in grado di raccogliere un consenso vasto in Parlamento. Occorre individuare una figura capace di rappresentare con la necessaria autorevolezza la Nazione nel mondo e di essere garante delle scelte fondamentali del nostro Paese nello scenario internazionale, l&#8217;opzione europea e quella atlantica, sempre complementari e mai contrapponibili, essenziali per garantire la pace e la sicurezza e rispondere alle sfide globali. Spero che il Parlamento e i rappresentanti delle Regioni sappiano compiere questa scelta nel tempo pi\u00f9 breve possibile e con un&#8217;ampia convergenza&#8221;.<br \/>&#8220;Scelta decisiva e fondamentale, Berlusconi rende un grande servizio all&#8217;Italia e al Centrodestra, che ora avr\u00e0 l&#8217;onore e la responsabilit\u00e0 di avanzare le sue proposte senza pi\u00f9 veti dalla sinistra&#8221;, commenta il leader della Lega Matteo Salvini.<br \/>(ITALPRESS).<\/div>\n<div id=\"div-gpt-ad-Messinaoggi.it-DSK-300x250-corpoart\" style=\"text-align:center;margin:0 auto;\"><\/div><\/p><div id=\"videoincontent\" style=\"clear:both\";><\/div>","protected":false},"excerpt":{"rendered":"<p>ROMA (ITALPRESS) &#8211; Silvio Berlusconi rinuncia a candidarsi al Quirinale. L&#8217;annuncio con un lungo comunicato letto dalla senatrice Licia Ronzulli durante il vertice di centrodestra.&#8220;Sono davvero grato, dal profondo del cuore, alle molte migliaia di italiane e italiani che, in questi giorni, mi hanno manifestato affetto, sostegno e incoraggiamento da quando il mio nome \u00e8 [&hellip;]<\/p>\n","protected":false},"author":18,"featured_media":94537,"comment_status":"closed","ping_status":"closed","sticky":false,"template":"","format":"standard","meta":{"ub_ctt_via":"","_mi_skip_tracking":false},"categories":[446],"tags":[783],"featured_image_src":"https:\/\/www.messinaoggi.it\/website\/wp-content\/uploads\/2022\/01\/20220122_2262.jpg","author_info":{"display_name":"Admin","author_link":"https:\/\/www.messinaoggi.it\/website\/author\/admin\/"},"digistream_id":0,"digistream":false,"_links":{"self":[{"href":"https:\/\/www.messinaoggi.it\/website\/wp-json\/wp\/v2\/posts\/94536"}],"collection":[{"href":"https:\/\/www.messinaoggi.it\/website\/wp-json\/wp\/v2\/posts"}],"about":[{"href":"https:\/\/www.messinaoggi.it\/website\/wp-json\/wp\/v2\/types\/post"}],"author":[{"embeddable":true,"href":"https:\/\/www.messinaoggi.it\/website\/wp-json\/wp\/v2\/users\/18"}],"replies":[{"embeddable":true,"href":"https:\/\/www.messinaoggi.it\/website\/wp-json\/wp\/v2\/comments?post=94536"}],"version-history":[{"count":0,"href":"https:\/\/www.messinaoggi.it\/website\/wp-json\/wp\/v2\/posts\/94536\/revisions"}],"wp:featuredmedia":[{"embeddable":true,"href":"https:\/\/www.messinaoggi.it\/website\/wp-json\/wp\/v2\/media\/94537"}],"wp:attachment":[{"href":"https:\/\/www.messinaoggi.it\/website\/wp-json\/wp\/v2\/media?parent=94536"}],"wp:term":[{"taxonomy":"category","embeddable":true,"href":"https:\/\/www.messinaoggi.it\/website\/wp-json\/wp\/v2\/categories?post=94536"},{"taxonomy":"post_tag","embeddable":true,"href":"https:\/\/www.messinaoggi.it\/website\/wp-json\/wp\/v2\/tags?post=94536"}],"curies":[{"name":"wp","href":"https:\/\/api.w.org\/{rel}","templated":true}]}}