{"id":94522,"date":"2022-01-22T16:07:35","date_gmt":"2022-01-22T15:07:35","guid":{"rendered":"https:\/\/www.messinaoggi.it\/website\/2022\/01\/22\/baricco-annuncia-sui-social-ho-la-leucemia-faro-un-trapianto\/"},"modified":"2022-01-22T16:07:35","modified_gmt":"2022-01-22T15:07:35","slug":"baricco-annuncia-sui-social-ho-la-leucemia-faro-un-trapianto","status":"publish","type":"post","link":"https:\/\/www.messinaoggi.it\/website\/2022\/01\/22\/baricco-annuncia-sui-social-ho-la-leucemia-faro-un-trapianto\/","title":{"rendered":"Baricco annuncia sui social \u201cHo la leucemia, far\u00f2 un trapianto\u201d"},"content":{"rendered":"<div>ROMA (ITALPRESS) &#8211; &#8220;Ehm, c&#8217;\u00e8 una notizia da dare e questa volta la devo proprio dare io, personalmente. Non \u00e8 un granch\u00e8, vi avverto. Quel che \u00e8 successo \u00e8 che cinque mesi fa mi hanno diagnosticato una leucemia mielomonocitica cronica&#8221;. Lo annuncia sui social lo scrittore Alessandro Baricco.<br \/>&#8220;Ci sono rimasto male, ma nemmeno poi tanto, dai &#8211; prosegue -. Quando hai una malattia del genere la cosa migliore che puoi fare \u00e8 sottoporti a un trapianto di cellule staminali del sangue, cosa che far\u00f2 tra un paio di giorni (b\u00e8 non \u00e8 cos\u00ec semplice, ci stiamo lavorando da mesi, \u00e8 un lavoro di pazienza). A donarmi le cellule staminali sar\u00e0 mia sorella Enrica, donna che ai miei occhi era gi\u00e0 piuttosto speciale, prima di questa avventura. Figuriamoci adesso&#8221;.<br \/>&#8220;Molto altro non mi verrebbe di aggiungere &#8211; prosegue lo scrittore -. Forse, ecco, mi va ancora di dire che percepisco ogni momento la fortuna di vivere tutto questo con tanti amici veri intorno, dei figli in gamba, una compagna di vita irresistibile e il miglior Toro dai tempi dello scudetto. Sono cose, le prime tre, che ti cambiano la vita. La quarta certo non te la guasta. Insomma, la vedo bene. Per un p\u00f2 non contate su di me &#8211; conclude &#8211; ma d&#8217;altra parte non abituatevi troppo alla cosa perch\u00e8 i medici che si sono ficcati in testa di guarirmi hanno tutta l&#8217;aria di riuscirci abbastanza in fretta. Abbracci&#8221;, conclude.<br \/>(ITALPRESS).<\/div>\n<div id=\"div-gpt-ad-Messinaoggi.it-DSK-300x250-corpoart\" style=\"text-align:center;margin:0 auto;\"><\/div><\/p><div id=\"videoincontent\" style=\"clear:both\";><\/div>","protected":false},"excerpt":{"rendered":"<p>ROMA (ITALPRESS) &#8211; &#8220;Ehm, c&#8217;\u00e8 una notizia da dare e questa volta la devo proprio dare io, personalmente. Non \u00e8 un granch\u00e8, vi avverto. Quel che \u00e8 successo \u00e8 che cinque mesi fa mi hanno diagnosticato una leucemia mielomonocitica cronica&#8221;. Lo annuncia sui social lo scrittore Alessandro Baricco.&#8220;Ci sono rimasto male, ma nemmeno poi tanto, [&hellip;]<\/p>\n","protected":false},"author":18,"featured_media":94523,"comment_status":"closed","ping_status":"closed","sticky":false,"template":"","format":"standard","meta":{"ub_ctt_via":"","_mi_skip_tracking":false},"categories":[446],"tags":[783],"featured_image_src":"https:\/\/www.messinaoggi.it\/website\/wp-content\/uploads\/2022\/01\/20220122_1514.jpg","author_info":{"display_name":"Admin","author_link":"https:\/\/www.messinaoggi.it\/website\/author\/admin\/"},"digistream_id":0,"digistream":false,"_links":{"self":[{"href":"https:\/\/www.messinaoggi.it\/website\/wp-json\/wp\/v2\/posts\/94522"}],"collection":[{"href":"https:\/\/www.messinaoggi.it\/website\/wp-json\/wp\/v2\/posts"}],"about":[{"href":"https:\/\/www.messinaoggi.it\/website\/wp-json\/wp\/v2\/types\/post"}],"author":[{"embeddable":true,"href":"https:\/\/www.messinaoggi.it\/website\/wp-json\/wp\/v2\/users\/18"}],"replies":[{"embeddable":true,"href":"https:\/\/www.messinaoggi.it\/website\/wp-json\/wp\/v2\/comments?post=94522"}],"version-history":[{"count":0,"href":"https:\/\/www.messinaoggi.it\/website\/wp-json\/wp\/v2\/posts\/94522\/revisions"}],"wp:featuredmedia":[{"embeddable":true,"href":"https:\/\/www.messinaoggi.it\/website\/wp-json\/wp\/v2\/media\/94523"}],"wp:attachment":[{"href":"https:\/\/www.messinaoggi.it\/website\/wp-json\/wp\/v2\/media?parent=94522"}],"wp:term":[{"taxonomy":"category","embeddable":true,"href":"https:\/\/www.messinaoggi.it\/website\/wp-json\/wp\/v2\/categories?post=94522"},{"taxonomy":"post_tag","embeddable":true,"href":"https:\/\/www.messinaoggi.it\/website\/wp-json\/wp\/v2\/tags?post=94522"}],"curies":[{"name":"wp","href":"https:\/\/api.w.org\/{rel}","templated":true}]}}