{"id":94511,"date":"2022-01-22T14:45:15","date_gmt":"2022-01-22T13:45:15","guid":{"rendered":"http:\/\/www.messinaoggi.it\/website\/?p=94511"},"modified":"2022-01-22T16:30:34","modified_gmt":"2022-01-22T15:30:34","slug":"la-citta-siamo-noi-le-canta-a-de-luca-la-pernacchia-era-te","status":"publish","type":"post","link":"https:\/\/www.messinaoggi.it\/website\/2022\/01\/22\/la-citta-siamo-noi-le-canta-a-de-luca-la-pernacchia-era-te\/","title":{"rendered":"La citt\u00e0 siamo noi le canta a De Luca: &#8220;La pernacchia era per te&#8221;"},"content":{"rendered":"\n<p>Un sit-in autorizzato per non pi\u00f9 di 50 posti, ma senza restrizioni anti-Covid potevano essere molti di pi\u00f9 i partecipanti alla manifestazione organizzata questa mattina, in piazza Unione europea, dal comitato spontaneo &#8220;La citt\u00e0 siamo noi&#8221;. <div id=\"div-gpt-ad-Messinaoggi.it-DSK-300x250-corpoart\" style=\"text-align:center;margin:0 auto;\"><\/div><\/p>\n\n\n\n<p>&#8220;Un solo scopo &#8211; secondo i promotori &#8211; quello di dire la nostra verit\u00e0 a un potere che ha eletto la mortificazione della vita democratica a sua unica ragione di vita. Cateno De Luca, che \u00e8 il nome di questo potere, si appresta gi\u00e0 a parlare di questa manifestazione &#8220;a modo suo&#8221;: parlando del numeri di partecipanti e altre cose mediocri che pertengono al suo modo di guardare al mondo.<div id=\"videoincontent\" style=\"clear:both\";><\/div><\/p>\n\n\n\n<p>Fossimo stati anche due o tre per noi non sarebbe cambiato nulla. Non abbiamo velleit\u00e0 elettorali e non siamo neanche nostalgici di altre sindacature. Per noi la democrazia sta in strada. E dalla strada abbiamo cantato la nostra canzone al grande e insieme minuscolo umiliatore della vita democratica. Colui che ha ruttato, preso a pernacchie e mostrato il suo sprezzo per una intera citt\u00e0.<\/p>\n\n\n\n<p>Ma la pernacchia oggi era per te. E anche il prossimo sabato, quando torneremo a cantartela nuovamente&#8221;.<\/p>\n","protected":false},"excerpt":{"rendered":"<p>Un sit-in autorizzato per non pi\u00f9 di 50 posti, ma senza restrizioni anti-Covid potevano essere molti di pi\u00f9 i partecipanti alla manifestazione organizzata questa mattina, in piazza Unione europea, dal comitato spontaneo &#8220;La citt\u00e0 siamo noi&#8221;. &#8220;Un solo scopo &#8211; secondo i promotori &#8211; quello di dire la nostra verit\u00e0 a un potere che ha [&hellip;]<\/p>\n","protected":false},"author":4,"featured_media":94512,"comment_status":"open","ping_status":"open","sticky":false,"template":"","format":"standard","meta":{"ub_ctt_via":"","_mi_skip_tracking":false},"categories":[19],"tags":[126,3885],"featured_image_src":"https:\/\/www.messinaoggi.it\/website\/wp-content\/uploads\/2022\/01\/IMG-20220122-WA0018.jpg","author_info":{"display_name":"redme","author_link":"https:\/\/www.messinaoggi.it\/website\/author\/redme\/"},"digistream_id":0,"digistream":false,"_links":{"self":[{"href":"https:\/\/www.messinaoggi.it\/website\/wp-json\/wp\/v2\/posts\/94511"}],"collection":[{"href":"https:\/\/www.messinaoggi.it\/website\/wp-json\/wp\/v2\/posts"}],"about":[{"href":"https:\/\/www.messinaoggi.it\/website\/wp-json\/wp\/v2\/types\/post"}],"author":[{"embeddable":true,"href":"https:\/\/www.messinaoggi.it\/website\/wp-json\/wp\/v2\/users\/4"}],"replies":[{"embeddable":true,"href":"https:\/\/www.messinaoggi.it\/website\/wp-json\/wp\/v2\/comments?post=94511"}],"version-history":[{"count":3,"href":"https:\/\/www.messinaoggi.it\/website\/wp-json\/wp\/v2\/posts\/94511\/revisions"}],"predecessor-version":[{"id":94525,"href":"https:\/\/www.messinaoggi.it\/website\/wp-json\/wp\/v2\/posts\/94511\/revisions\/94525"}],"wp:featuredmedia":[{"embeddable":true,"href":"https:\/\/www.messinaoggi.it\/website\/wp-json\/wp\/v2\/media\/94512"}],"wp:attachment":[{"href":"https:\/\/www.messinaoggi.it\/website\/wp-json\/wp\/v2\/media?parent=94511"}],"wp:term":[{"taxonomy":"category","embeddable":true,"href":"https:\/\/www.messinaoggi.it\/website\/wp-json\/wp\/v2\/categories?post=94511"},{"taxonomy":"post_tag","embeddable":true,"href":"https:\/\/www.messinaoggi.it\/website\/wp-json\/wp\/v2\/tags?post=94511"}],"curies":[{"name":"wp","href":"https:\/\/api.w.org\/{rel}","templated":true}]}}