{"id":94505,"date":"2022-01-22T14:07:34","date_gmt":"2022-01-22T13:07:34","guid":{"rendered":"https:\/\/www.messinaoggi.it\/website\/2022\/01\/22\/goggia-vince-la-discesa-a-cortina-mi-esplode-il-cuore\/"},"modified":"2022-01-22T14:07:34","modified_gmt":"2022-01-22T13:07:34","slug":"goggia-vince-la-discesa-a-cortina-mi-esplode-il-cuore","status":"publish","type":"post","link":"https:\/\/www.messinaoggi.it\/website\/2022\/01\/22\/goggia-vince-la-discesa-a-cortina-mi-esplode-il-cuore\/","title":{"rendered":"Goggia vince la discesa a Cortina \u201cMi esplode il cuore\u201d"},"content":{"rendered":"<div>CORTINA D&#8217;AMPEZZO (ITALPRESS) &#8211; Sofia Goggia vince la discesa<br \/>libera di Cortina D&#8217;Ampezzo. La bergamasca fa segnare il miglior tempo in 1&#8217;06&#8243;98, precedendo l&#8217;austriaca Ramona Siebenhofer (+0&#8243;20). Completa il podio la ceca Ester Ledecka, staccata di 26 centesimi. Fuori dalla top-10 Elena Curtoni e Nicol Delago (14esime a pari merito), Federica Brignone (19esima) e Nadia Delago (20esima). &#8220;Penso che l&#8217;Olimpia della Tofane sia bellissima dall&#8217;inizio alla fine, invece siamo partite dal piano e io ci sto lavorando sulle partenze cos\u00ec, ma non sono ancora al top. Poi quando ho visto la neve venirmi incontro e il vento piegare i pali e i teli, mi sono preoccupata. Quando mi sono<br \/>accorta che ero prima, il cuore mi \u00e8 esploso&#8221; ha detto Sofia<br \/>Goggia dopo la vittoria. &#8220;Nei giorni scorsi tante persone mi hanno scritto, mi sono arrivate miriadi di messaggi con scritto &#8216;veniamo a Cortina per vedere t\u00e8. Io ho vinto qui quattro anni fa &#8211; spiega la bergamasca -, ma era prima di Pyeongchang ed ero ancora un p\u00f2 agli albori. Oggi \u00e8 stato bellissimo, sono contentissima, purtroppo con queste condizioni bisogna<br \/>mantenere il distanziamento, per\u00f2 passo e saluto tutti i tifosi, \u00e8 come se io abbracciassi loro e loro abbracciassero me. Sentire<br \/>l&#8217;affetto dei supporters \u00e8 bellissimo, forse la vittoria pi\u00f9 bella che va oltre quella sugli sci. La vittoria pi\u00f9 bella della mia carriera, per tanti motivi&#8221;. <br \/>(ITALPRESS).<\/div>\n<div id=\"div-gpt-ad-Messinaoggi.it-DSK-300x250-corpoart\" style=\"text-align:center;margin:0 auto;\"><\/div><\/p><div id=\"videoincontent\" style=\"clear:both\";><\/div>","protected":false},"excerpt":{"rendered":"<p>CORTINA D&#8217;AMPEZZO (ITALPRESS) &#8211; Sofia Goggia vince la discesalibera di Cortina D&#8217;Ampezzo. La bergamasca fa segnare il miglior tempo in 1&#8217;06&#8243;98, precedendo l&#8217;austriaca Ramona Siebenhofer (+0&#8243;20). Completa il podio la ceca Ester Ledecka, staccata di 26 centesimi. Fuori dalla top-10 Elena Curtoni e Nicol Delago (14esime a pari merito), Federica Brignone (19esima) e Nadia Delago [&hellip;]<\/p>\n","protected":false},"author":18,"featured_media":94506,"comment_status":"closed","ping_status":"closed","sticky":false,"template":"","format":"standard","meta":{"ub_ctt_via":"","_mi_skip_tracking":false},"categories":[446],"tags":[783],"featured_image_src":"https:\/\/www.messinaoggi.it\/website\/wp-content\/uploads\/2022\/01\/20220122_1135.jpg","author_info":{"display_name":"Admin","author_link":"https:\/\/www.messinaoggi.it\/website\/author\/admin\/"},"digistream_id":0,"digistream":false,"_links":{"self":[{"href":"https:\/\/www.messinaoggi.it\/website\/wp-json\/wp\/v2\/posts\/94505"}],"collection":[{"href":"https:\/\/www.messinaoggi.it\/website\/wp-json\/wp\/v2\/posts"}],"about":[{"href":"https:\/\/www.messinaoggi.it\/website\/wp-json\/wp\/v2\/types\/post"}],"author":[{"embeddable":true,"href":"https:\/\/www.messinaoggi.it\/website\/wp-json\/wp\/v2\/users\/18"}],"replies":[{"embeddable":true,"href":"https:\/\/www.messinaoggi.it\/website\/wp-json\/wp\/v2\/comments?post=94505"}],"version-history":[{"count":0,"href":"https:\/\/www.messinaoggi.it\/website\/wp-json\/wp\/v2\/posts\/94505\/revisions"}],"wp:featuredmedia":[{"embeddable":true,"href":"https:\/\/www.messinaoggi.it\/website\/wp-json\/wp\/v2\/media\/94506"}],"wp:attachment":[{"href":"https:\/\/www.messinaoggi.it\/website\/wp-json\/wp\/v2\/media?parent=94505"}],"wp:term":[{"taxonomy":"category","embeddable":true,"href":"https:\/\/www.messinaoggi.it\/website\/wp-json\/wp\/v2\/categories?post=94505"},{"taxonomy":"post_tag","embeddable":true,"href":"https:\/\/www.messinaoggi.it\/website\/wp-json\/wp\/v2\/tags?post=94505"}],"curies":[{"name":"wp","href":"https:\/\/api.w.org\/{rel}","templated":true}]}}