{"id":94503,"date":"2022-01-22T14:07:33","date_gmt":"2022-01-22T13:07:33","guid":{"rendered":"https:\/\/www.messinaoggi.it\/website\/2022\/01\/22\/quirinale-salvini-lavoriamo-a-soluzione-rapida-ed-efficace\/"},"modified":"2022-01-22T14:07:33","modified_gmt":"2022-01-22T13:07:33","slug":"quirinale-salvini-lavoriamo-a-soluzione-rapida-ed-efficace","status":"publish","type":"post","link":"https:\/\/www.messinaoggi.it\/website\/2022\/01\/22\/quirinale-salvini-lavoriamo-a-soluzione-rapida-ed-efficace\/","title":{"rendered":"Quirinale, Salvini \u201cLavoriamo a soluzione rapida ed efficace\u201d"},"content":{"rendered":"<div>ROMA (ITALPRESS) &#8211; &#8220;Dividere tra italiani di serie A e B che vanno a fare la spesa o a ritirare la pensione in Posta, non \u00e8 proprio di tempi liberi e illuminati. C&#8217;\u00e8 bisogno di pensiero, documentazione, azione e reazione. La libert\u00e0 non ha prezzo e vale anche per la politica. Sono ore di ragionamento sul Quirinale, vi do la mia parola sul fatto che stiamo lavorando per una soluzione positiva, rapida ed efficace. Qualcuno a sinistra \u00e8 preoccupato perch\u00e8 per la prima volta dopo 30 anni i numeri dicono che il centrodestra \u00e8 maggioranza fuori e dentro il Parlamento&#8221;. Lo ha detto Matteo Salvini, leader della Lega, in collegamento con Padova a un seminario di formazione politica e culturale. &#8220;Chi ha i numeri penso abbia onore e onere di fare proposte senza che dall&#8217;altra parte ci siano dei veti. Io sto incontrando e ascoltando tutti, quasi sempre nel silenzio&#8221;, ha aggiunto.<br \/>(ITALPRESS).<\/div>\n<div id=\"div-gpt-ad-Messinaoggi.it-DSK-300x250-corpoart\" style=\"text-align:center;margin:0 auto;\"><\/div><\/p><div id=\"videoincontent\" style=\"clear:both\";><\/div>","protected":false},"excerpt":{"rendered":"<p>ROMA (ITALPRESS) &#8211; &#8220;Dividere tra italiani di serie A e B che vanno a fare la spesa o a ritirare la pensione in Posta, non \u00e8 proprio di tempi liberi e illuminati. C&#8217;\u00e8 bisogno di pensiero, documentazione, azione e reazione. La libert\u00e0 non ha prezzo e vale anche per la politica. Sono ore di ragionamento [&hellip;]<\/p>\n","protected":false},"author":18,"featured_media":94504,"comment_status":"closed","ping_status":"closed","sticky":false,"template":"","format":"standard","meta":{"ub_ctt_via":"","_mi_skip_tracking":false},"categories":[446],"tags":[783],"featured_image_src":"https:\/\/www.messinaoggi.it\/website\/wp-content\/uploads\/2022\/01\/20220122_1096.jpg","author_info":{"display_name":"Admin","author_link":"https:\/\/www.messinaoggi.it\/website\/author\/admin\/"},"digistream_id":0,"digistream":false,"_links":{"self":[{"href":"https:\/\/www.messinaoggi.it\/website\/wp-json\/wp\/v2\/posts\/94503"}],"collection":[{"href":"https:\/\/www.messinaoggi.it\/website\/wp-json\/wp\/v2\/posts"}],"about":[{"href":"https:\/\/www.messinaoggi.it\/website\/wp-json\/wp\/v2\/types\/post"}],"author":[{"embeddable":true,"href":"https:\/\/www.messinaoggi.it\/website\/wp-json\/wp\/v2\/users\/18"}],"replies":[{"embeddable":true,"href":"https:\/\/www.messinaoggi.it\/website\/wp-json\/wp\/v2\/comments?post=94503"}],"version-history":[{"count":0,"href":"https:\/\/www.messinaoggi.it\/website\/wp-json\/wp\/v2\/posts\/94503\/revisions"}],"wp:featuredmedia":[{"embeddable":true,"href":"https:\/\/www.messinaoggi.it\/website\/wp-json\/wp\/v2\/media\/94504"}],"wp:attachment":[{"href":"https:\/\/www.messinaoggi.it\/website\/wp-json\/wp\/v2\/media?parent=94503"}],"wp:term":[{"taxonomy":"category","embeddable":true,"href":"https:\/\/www.messinaoggi.it\/website\/wp-json\/wp\/v2\/categories?post=94503"},{"taxonomy":"post_tag","embeddable":true,"href":"https:\/\/www.messinaoggi.it\/website\/wp-json\/wp\/v2\/tags?post=94503"}],"curies":[{"name":"wp","href":"https:\/\/api.w.org\/{rel}","templated":true}]}}