{"id":94499,"date":"2022-01-22T13:07:33","date_gmt":"2022-01-22T12:07:33","guid":{"rendered":"https:\/\/www.messinaoggi.it\/website\/2022\/01\/22\/giustizia-cartabia-fase-difficile-ma-ricca-di-opportunita\/"},"modified":"2022-01-22T13:07:33","modified_gmt":"2022-01-22T12:07:33","slug":"giustizia-cartabia-fase-difficile-ma-ricca-di-opportunita","status":"publish","type":"post","link":"https:\/\/www.messinaoggi.it\/website\/2022\/01\/22\/giustizia-cartabia-fase-difficile-ma-ricca-di-opportunita\/","title":{"rendered":"Giustizia, Cartabia \u201cFase difficile ma ricca di opportunit\u00e0\u201d"},"content":{"rendered":"<div>REGGIO CALABRIA (ITALPRESS) &#8211; &#8220;Quella che stiamo vivendo \u00e8 una fase difficile, piena di sfide, ma \u00e8 anche una fase di rinnovati slanci e molteplici opportunit\u00e0, in un momento in cui l&#8217;intero Paese \u00e8 in fermento e progetta la sua ripresa, intorno al Piano nazionale di ripresa e resilienza&#8221;. Lo ha detto Marta Cartabia, ministra della Giustizia, intervenendo alla cerimonia di inaugurazione dell&#8217;anno giudiziario a Reggio Calabria.<br \/>\n&#8220;Proprio in questo contesto di emergenza &#8211; ha continuato -, sono state avviate alcune riforme strutturali a lungo termine, &#8216;riforme di sistem\u00e0, per far fronte ai cronici problemi richiamati tante volte, da tanti anni, nelle cerimonie di inaugurazione dell&#8217;anno giudiziario: la durata dei processi e il fardello dell&#8217;arretrato, prima di tutto. Mali divenuti nel tempo, insieme ai gravi fatti emersi negli ultimi anni che hanno riguardato la magistratura, causa di una progressiva e dannosa erosione di fiducia da parte dei cittadini, degli operatori economici e degli osservatori internazionali. Abbiamo davanti a noi &#8211; ha aggiunto &#8211; una grande occasione di rinnovamento, favorita proprio dalla crisi aperta dalla pandemia e dagli aiuti europei del Pnrr&#8221;. Il ministro confida che &#8220;al pi\u00f9 presto possano arrivare alle Camere anche gli emendamenti per quella che il presidente della Repubblica ha definito un&#8217;ineludibile riforma, quella che riguarda l&#8217;ordinamento giudiziario e il Csm&#8221;.<br \/>\nInfine &#8220;il miglioramento dei servizi relativi alla giustizia contribuir\u00e0 a favorire l&#8217;inizio di una nuova stagione di fiducia dei cittadini nelle istituzioni&#8221;.<br \/>\n(ITALPRESS).<\/div>\n<div id=\"div-gpt-ad-Messinaoggi.it-DSK-300x250-corpoart\" style=\"text-align:center;margin:0 auto;\"><\/div><\/p><div id=\"videoincontent\" style=\"clear:both\";><\/div>","protected":false},"excerpt":{"rendered":"<p>REGGIO CALABRIA (ITALPRESS) &#8211; &#8220;Quella che stiamo vivendo \u00e8 una fase difficile, piena di sfide, ma \u00e8 anche una fase di rinnovati slanci e molteplici opportunit\u00e0, in un momento in cui l&#8217;intero Paese \u00e8 in fermento e progetta la sua ripresa, intorno al Piano nazionale di ripresa e resilienza&#8221;. Lo ha detto Marta Cartabia, ministra [&hellip;]<\/p>\n","protected":false},"author":18,"featured_media":94500,"comment_status":"closed","ping_status":"closed","sticky":false,"template":"","format":"standard","meta":{"ub_ctt_via":"","_mi_skip_tracking":false},"categories":[446],"tags":[783],"featured_image_src":"https:\/\/www.messinaoggi.it\/website\/wp-content\/uploads\/2022\/01\/20220122_0984.jpg","author_info":{"display_name":"Admin","author_link":"https:\/\/www.messinaoggi.it\/website\/author\/admin\/"},"digistream_id":0,"digistream":false,"_links":{"self":[{"href":"https:\/\/www.messinaoggi.it\/website\/wp-json\/wp\/v2\/posts\/94499"}],"collection":[{"href":"https:\/\/www.messinaoggi.it\/website\/wp-json\/wp\/v2\/posts"}],"about":[{"href":"https:\/\/www.messinaoggi.it\/website\/wp-json\/wp\/v2\/types\/post"}],"author":[{"embeddable":true,"href":"https:\/\/www.messinaoggi.it\/website\/wp-json\/wp\/v2\/users\/18"}],"replies":[{"embeddable":true,"href":"https:\/\/www.messinaoggi.it\/website\/wp-json\/wp\/v2\/comments?post=94499"}],"version-history":[{"count":0,"href":"https:\/\/www.messinaoggi.it\/website\/wp-json\/wp\/v2\/posts\/94499\/revisions"}],"wp:featuredmedia":[{"embeddable":true,"href":"https:\/\/www.messinaoggi.it\/website\/wp-json\/wp\/v2\/media\/94500"}],"wp:attachment":[{"href":"https:\/\/www.messinaoggi.it\/website\/wp-json\/wp\/v2\/media?parent=94499"}],"wp:term":[{"taxonomy":"category","embeddable":true,"href":"https:\/\/www.messinaoggi.it\/website\/wp-json\/wp\/v2\/categories?post=94499"},{"taxonomy":"post_tag","embeddable":true,"href":"https:\/\/www.messinaoggi.it\/website\/wp-json\/wp\/v2\/tags?post=94499"}],"curies":[{"name":"wp","href":"https:\/\/api.w.org\/{rel}","templated":true}]}}