{"id":94494,"date":"2022-01-22T12:27:24","date_gmt":"2022-01-22T11:27:24","guid":{"rendered":"http:\/\/www.messinaoggi.it\/website\/?p=94494"},"modified":"2022-01-22T12:27:45","modified_gmt":"2022-01-22T11:27:45","slug":"sequestro-di-frutta-e-verdura-ad-ambulanti","status":"publish","type":"post","link":"https:\/\/www.messinaoggi.it\/website\/2022\/01\/22\/sequestro-di-frutta-e-verdura-ad-ambulanti\/","title":{"rendered":"Sequestro di frutta e verdura ad ambulanti"},"content":{"rendered":"\n<p>Continua incessante l\u2019azione della Polizia commerciale della Polizia municipale di Messina, diretta dal Comandante Vicario Commissario Giardina Giovanni coordinata dall\u2019Ispettore Giuseppe Cifal\u00e0. \u00c8 stato sequestrato un quintale di frutta e verdura e sanzionati due ambulanti abusivi nella zona nord della citt\u00e0. La merce \u00e8 stata donata alle mense cittadine. Lattivit\u00e0 tesa al rispetto della normativa sulla sicurezza, igiene degli alimenti e della concorrenza nel settore commerciale, proseguir\u00e0 nei giorni a venire.<div id=\"div-gpt-ad-Messinaoggi.it-DSK-300x250-corpoart\" style=\"text-align:center;margin:0 auto;\"><\/div><\/p>\n<div id=\"videoincontent\" style=\"clear:both\";><\/div>","protected":false},"excerpt":{"rendered":"<p>Continua incessante l\u2019azione della Polizia commerciale della Polizia municipale di Messina, diretta dal Comandante Vicario Commissario Giardina Giovanni coordinata dall\u2019Ispettore Giuseppe Cifal\u00e0. \u00c8 stato sequestrato un quintale di frutta e verdura e sanzionati due ambulanti abusivi nella zona nord della citt\u00e0. La merce \u00e8 stata donata alle mense cittadine. Lattivit\u00e0 tesa al rispetto della normativa [&hellip;]<\/p>\n","protected":false},"author":4,"featured_media":94495,"comment_status":"open","ping_status":"open","sticky":false,"template":"","format":"standard","meta":{"ub_ctt_via":"","_mi_skip_tracking":false},"categories":[5],"tags":[3884],"featured_image_src":"https:\/\/www.messinaoggi.it\/website\/wp-content\/uploads\/2022\/01\/IMG-20220122-WA0016.jpg","author_info":{"display_name":"redme","author_link":"https:\/\/www.messinaoggi.it\/website\/author\/redme\/"},"digistream_id":0,"digistream":false,"_links":{"self":[{"href":"https:\/\/www.messinaoggi.it\/website\/wp-json\/wp\/v2\/posts\/94494"}],"collection":[{"href":"https:\/\/www.messinaoggi.it\/website\/wp-json\/wp\/v2\/posts"}],"about":[{"href":"https:\/\/www.messinaoggi.it\/website\/wp-json\/wp\/v2\/types\/post"}],"author":[{"embeddable":true,"href":"https:\/\/www.messinaoggi.it\/website\/wp-json\/wp\/v2\/users\/4"}],"replies":[{"embeddable":true,"href":"https:\/\/www.messinaoggi.it\/website\/wp-json\/wp\/v2\/comments?post=94494"}],"version-history":[{"count":1,"href":"https:\/\/www.messinaoggi.it\/website\/wp-json\/wp\/v2\/posts\/94494\/revisions"}],"predecessor-version":[{"id":94496,"href":"https:\/\/www.messinaoggi.it\/website\/wp-json\/wp\/v2\/posts\/94494\/revisions\/94496"}],"wp:featuredmedia":[{"embeddable":true,"href":"https:\/\/www.messinaoggi.it\/website\/wp-json\/wp\/v2\/media\/94495"}],"wp:attachment":[{"href":"https:\/\/www.messinaoggi.it\/website\/wp-json\/wp\/v2\/media?parent=94494"}],"wp:term":[{"taxonomy":"category","embeddable":true,"href":"https:\/\/www.messinaoggi.it\/website\/wp-json\/wp\/v2\/categories?post=94494"},{"taxonomy":"post_tag","embeddable":true,"href":"https:\/\/www.messinaoggi.it\/website\/wp-json\/wp\/v2\/tags?post=94494"}],"curies":[{"name":"wp","href":"https:\/\/api.w.org\/{rel}","templated":true}]}}