{"id":94492,"date":"2022-01-22T12:17:34","date_gmt":"2022-01-22T11:17:34","guid":{"rendered":"https:\/\/www.messinaoggi.it\/website\/2022\/01\/22\/covid-musumeci-parametro-colori-da-cambiare-nei-prossimi-giorni\/"},"modified":"2022-01-22T12:17:34","modified_gmt":"2022-01-22T11:17:34","slug":"covid-musumeci-parametro-colori-da-cambiare-nei-prossimi-giorni","status":"publish","type":"post","link":"https:\/\/www.messinaoggi.it\/website\/2022\/01\/22\/covid-musumeci-parametro-colori-da-cambiare-nei-prossimi-giorni\/","title":{"rendered":"Covid, Musumeci \u201cParametro colori da cambiare nei prossimi giorni\u201d"},"content":{"rendered":"<div>\n<p>ROMA (ITALPRESS) \u2013 \u201cSiamo convinti che debbano essere rivisti i parametri e cambiare contesto complessivo. I colori hanno creato motivi di opportuna prevenzione dettata da cautela, ma in altre circostanze si \u00e8 capito come la procedura non abbia creato situazioni di vantaggio. Oggi siamo convinti di poter ottenere questo risultato nello spazio di qualche giorno con un confronto franco e sincero, se il governo rester\u00e0 in carica perch\u00e8 tutto rimane appeso al voto del Quirinale, perch\u00e8 riteniamo che ai parametri dei colori cos\u00ec come conosciuti si possano adottare provvedimenti molto pi\u00f9 concreti\u201d. Lo ha detto Nello Musumeci, presidente della Regione Siciliana, intervenuto a Omnibus su La7. E sul green pass ha poi continuato: \u201cIn questo momento \u00e8 sempre difficile trovare una linea di demarcazione perfetta, \u00e8 un\u2019esperienza alla quale siamo tutti nuovi. Un anno \u00e8 diverso dall\u2019altro, noi presidenti delle Regioni siamo soggetti attuatori e critichiamo un governo che dal suo punto di vista non ha mai maturato un\u2019esperienza in questo senso. Tutto si pu\u00f2 perfezionare: mi sembra un\u2019anomalia quella dei tabaccai, un controsenso rispetto al periodo di particolare rigore dello scorso anno. Cos\u00ec come sembra ragionevole che alcuni uffici di servizi pubblici possano consentire l\u2019accesso anche a chi non \u00e8 vaccinato\u201d. \u201cSono reduce dalla battaglia registrata sullo Stretto di Messina: il provvedimento non \u00e8 stato impugnato, segno evidente che le cose che non sappiamo fare piano piano impariamo a farle, ma \u00e8 difficile comprendere dove si \u00e8 fatto tutto alla perfezione e dove ci sono zone grigie\u201d.<br \/>\n(ITALPRESS).<div id=\"div-gpt-ad-Messinaoggi.it-DSK-300x250-corpoart\" style=\"text-align:center;margin:0 auto;\"><\/div><\/p>\n<\/div>\n<div id=\"videoincontent\" style=\"clear:both\";><\/div>","protected":false},"excerpt":{"rendered":"<p>ROMA (ITALPRESS) \u2013 \u201cSiamo convinti che debbano essere rivisti i parametri e cambiare contesto complessivo. I colori hanno creato motivi di opportuna prevenzione dettata da cautela, ma in altre circostanze si \u00e8 capito come la procedura non abbia creato situazioni di vantaggio. Oggi siamo convinti di poter ottenere questo risultato nello spazio di qualche giorno [&hellip;]<\/p>\n","protected":false},"author":18,"featured_media":94493,"comment_status":"closed","ping_status":"closed","sticky":false,"template":"","format":"standard","meta":{"ub_ctt_via":"","_mi_skip_tracking":false},"categories":[2449],"tags":[783],"featured_image_src":"https:\/\/www.messinaoggi.it\/website\/wp-content\/uploads\/2022\/01\/Covid-Musumeci.jpg","author_info":{"display_name":"Admin","author_link":"https:\/\/www.messinaoggi.it\/website\/author\/admin\/"},"digistream_id":0,"digistream":false,"_links":{"self":[{"href":"https:\/\/www.messinaoggi.it\/website\/wp-json\/wp\/v2\/posts\/94492"}],"collection":[{"href":"https:\/\/www.messinaoggi.it\/website\/wp-json\/wp\/v2\/posts"}],"about":[{"href":"https:\/\/www.messinaoggi.it\/website\/wp-json\/wp\/v2\/types\/post"}],"author":[{"embeddable":true,"href":"https:\/\/www.messinaoggi.it\/website\/wp-json\/wp\/v2\/users\/18"}],"replies":[{"embeddable":true,"href":"https:\/\/www.messinaoggi.it\/website\/wp-json\/wp\/v2\/comments?post=94492"}],"version-history":[{"count":0,"href":"https:\/\/www.messinaoggi.it\/website\/wp-json\/wp\/v2\/posts\/94492\/revisions"}],"wp:featuredmedia":[{"embeddable":true,"href":"https:\/\/www.messinaoggi.it\/website\/wp-json\/wp\/v2\/media\/94493"}],"wp:attachment":[{"href":"https:\/\/www.messinaoggi.it\/website\/wp-json\/wp\/v2\/media?parent=94492"}],"wp:term":[{"taxonomy":"category","embeddable":true,"href":"https:\/\/www.messinaoggi.it\/website\/wp-json\/wp\/v2\/categories?post=94492"},{"taxonomy":"post_tag","embeddable":true,"href":"https:\/\/www.messinaoggi.it\/website\/wp-json\/wp\/v2\/tags?post=94492"}],"curies":[{"name":"wp","href":"https:\/\/api.w.org\/{rel}","templated":true}]}}