{"id":94468,"date":"2022-01-21T19:07:35","date_gmt":"2022-01-21T18:07:35","guid":{"rendered":"https:\/\/www.messinaoggi.it\/website\/2022\/01\/21\/quirinale-salvini-faro-una-o-piu-proposte-di-alto-livello\/"},"modified":"2022-01-21T19:07:35","modified_gmt":"2022-01-21T18:07:35","slug":"quirinale-salvini-faro-una-o-piu-proposte-di-alto-livello","status":"publish","type":"post","link":"https:\/\/www.messinaoggi.it\/website\/2022\/01\/21\/quirinale-salvini-faro-una-o-piu-proposte-di-alto-livello\/","title":{"rendered":"Quirinale, Salvini \u201cFar\u00f2 una o pi\u00f9 proposte di alto livello\u201d"},"content":{"rendered":"<div>ROMA (ITALPRESS) &#8211; &#8220;Sono ottimista e fiducioso. Per la prima volta dopo 30 anni il centrodestra \u00e8 maggioranza sia nel Paese che, seppur non autosufficiente, in Parlamento e ha l&#8217;onore e l&#8217;onere di fare una proposta o pi\u00f9 proposte che possano essere condivise. C&#8217;\u00e8 Draghi alla Presidenza del Consiglio, vediamo di scegliere insieme, partendo culturalmente dal centrodestra da una o pi\u00f9 proposte assolutamente di alto livello e profilo senza che nessuno possa permettersi di mettere dei veti&#8221;. Lo ha detto il segretario della Lega, Matteo Salvini, a Radio Libert\u00e0.<br \/>(ITALPRESS).<\/div>\n<div id=\"div-gpt-ad-Messinaoggi.it-DSK-300x250-corpoart\" style=\"text-align:center;margin:0 auto;\"><\/div><\/p><div id=\"videoincontent\" style=\"clear:both\";><\/div>","protected":false},"excerpt":{"rendered":"<p>ROMA (ITALPRESS) &#8211; &#8220;Sono ottimista e fiducioso. Per la prima volta dopo 30 anni il centrodestra \u00e8 maggioranza sia nel Paese che, seppur non autosufficiente, in Parlamento e ha l&#8217;onore e l&#8217;onere di fare una proposta o pi\u00f9 proposte che possano essere condivise. C&#8217;\u00e8 Draghi alla Presidenza del Consiglio, vediamo di scegliere insieme, partendo culturalmente [&hellip;]<\/p>\n","protected":false},"author":18,"featured_media":94469,"comment_status":"closed","ping_status":"closed","sticky":false,"template":"","format":"standard","meta":{"ub_ctt_via":"","_mi_skip_tracking":false},"categories":[446],"tags":[783],"featured_image_src":"https:\/\/www.messinaoggi.it\/website\/wp-content\/uploads\/2022\/01\/20220121_2077.jpg","author_info":{"display_name":"Admin","author_link":"https:\/\/www.messinaoggi.it\/website\/author\/admin\/"},"digistream_id":0,"digistream":false,"_links":{"self":[{"href":"https:\/\/www.messinaoggi.it\/website\/wp-json\/wp\/v2\/posts\/94468"}],"collection":[{"href":"https:\/\/www.messinaoggi.it\/website\/wp-json\/wp\/v2\/posts"}],"about":[{"href":"https:\/\/www.messinaoggi.it\/website\/wp-json\/wp\/v2\/types\/post"}],"author":[{"embeddable":true,"href":"https:\/\/www.messinaoggi.it\/website\/wp-json\/wp\/v2\/users\/18"}],"replies":[{"embeddable":true,"href":"https:\/\/www.messinaoggi.it\/website\/wp-json\/wp\/v2\/comments?post=94468"}],"version-history":[{"count":0,"href":"https:\/\/www.messinaoggi.it\/website\/wp-json\/wp\/v2\/posts\/94468\/revisions"}],"wp:featuredmedia":[{"embeddable":true,"href":"https:\/\/www.messinaoggi.it\/website\/wp-json\/wp\/v2\/media\/94469"}],"wp:attachment":[{"href":"https:\/\/www.messinaoggi.it\/website\/wp-json\/wp\/v2\/media?parent=94468"}],"wp:term":[{"taxonomy":"category","embeddable":true,"href":"https:\/\/www.messinaoggi.it\/website\/wp-json\/wp\/v2\/categories?post=94468"},{"taxonomy":"post_tag","embeddable":true,"href":"https:\/\/www.messinaoggi.it\/website\/wp-json\/wp\/v2\/tags?post=94468"}],"curies":[{"name":"wp","href":"https:\/\/api.w.org\/{rel}","templated":true}]}}