{"id":94464,"date":"2022-01-21T18:47:33","date_gmt":"2022-01-21T17:47:33","guid":{"rendered":"https:\/\/www.messinaoggi.it\/website\/2022\/01\/21\/sicilia-arancione-musumeci-la-aspettavamo-ma-basta-logica-colori\/"},"modified":"2022-01-21T18:47:33","modified_gmt":"2022-01-21T17:47:33","slug":"sicilia-arancione-musumeci-la-aspettavamo-ma-basta-logica-colori","status":"publish","type":"post","link":"https:\/\/www.messinaoggi.it\/website\/2022\/01\/21\/sicilia-arancione-musumeci-la-aspettavamo-ma-basta-logica-colori\/","title":{"rendered":"Sicilia arancione, Musumeci \u201cLa aspettavamo, ma basta logica colori\u201d"},"content":{"rendered":"<div>\n<p>PALERMO (ITALPRESS) \u2013 La Sicilia passa in zona arancione. Il ministro della Salute, Roberto Speranza, alla luce dei dati del monitoraggio settimanale, ha firmato una nuova ordinanza che prevede il passaggio di colore dell\u2019Isola, arancione al pari di Abruzzo, Friuli Venezia Giulia e Piemonte.<br \/>\u201cLa zona arancione arriver\u00e0 come arriver\u00e0 per altre regioni italiane. La aspettavamo da una settimana perch\u00e8 quello che conta \u00e8 il numero dei ricoveri nei reparti in terapia intensiva e sub intensiva\u201d, ha commentato il presidente della Regione, Nello Musumeci, commentando la decisione del governo. \u201cMi spiace che il 77% di quei posti letto sia occupato da persone non vaccinate\u201d. \u201cSta per\u00f2 crescendo il numero dei primi vaccini: segno di gente che si sta convertendo \u2013 ha aggiunto parlando da Catania -. Se riuscissimo a passare dall\u2019attuale 88% di gente vaccinata anche con una sola dose al 95% credo che avremmo raggiunto un risultato significativo\u201d.<br \/>Musumeci ha spiegato che \u201ccome Regione ci stiamo battendo in sede di conferenza con lo Stato per dire basta alla logica dei colori: \u00e8 superata proprio perch\u00e8 \u00e8 assurdo, ad esempio, considerare malato un positivo asintomatico\u201d.<br \/>(ITALPRESS).<div id=\"div-gpt-ad-Messinaoggi.it-DSK-300x250-corpoart\" style=\"text-align:center;margin:0 auto;\"><\/div><\/p>\n<\/div>\n<div id=\"videoincontent\" style=\"clear:both\";><\/div>","protected":false},"excerpt":{"rendered":"<p>PALERMO (ITALPRESS) \u2013 La Sicilia passa in zona arancione. Il ministro della Salute, Roberto Speranza, alla luce dei dati del monitoraggio settimanale, ha firmato una nuova ordinanza che prevede il passaggio di colore dell\u2019Isola, arancione al pari di Abruzzo, Friuli Venezia Giulia e Piemonte.\u201cLa zona arancione arriver\u00e0 come arriver\u00e0 per altre regioni italiane. La aspettavamo [&hellip;]<\/p>\n","protected":false},"author":18,"featured_media":94465,"comment_status":"closed","ping_status":"closed","sticky":false,"template":"","format":"standard","meta":{"ub_ctt_via":"","_mi_skip_tracking":false},"categories":[2449],"tags":[783],"featured_image_src":"https:\/\/www.messinaoggi.it\/website\/wp-content\/uploads\/2022\/01\/20220121_2022.jpg","author_info":{"display_name":"Admin","author_link":"https:\/\/www.messinaoggi.it\/website\/author\/admin\/"},"digistream_id":0,"digistream":false,"_links":{"self":[{"href":"https:\/\/www.messinaoggi.it\/website\/wp-json\/wp\/v2\/posts\/94464"}],"collection":[{"href":"https:\/\/www.messinaoggi.it\/website\/wp-json\/wp\/v2\/posts"}],"about":[{"href":"https:\/\/www.messinaoggi.it\/website\/wp-json\/wp\/v2\/types\/post"}],"author":[{"embeddable":true,"href":"https:\/\/www.messinaoggi.it\/website\/wp-json\/wp\/v2\/users\/18"}],"replies":[{"embeddable":true,"href":"https:\/\/www.messinaoggi.it\/website\/wp-json\/wp\/v2\/comments?post=94464"}],"version-history":[{"count":0,"href":"https:\/\/www.messinaoggi.it\/website\/wp-json\/wp\/v2\/posts\/94464\/revisions"}],"wp:featuredmedia":[{"embeddable":true,"href":"https:\/\/www.messinaoggi.it\/website\/wp-json\/wp\/v2\/media\/94465"}],"wp:attachment":[{"href":"https:\/\/www.messinaoggi.it\/website\/wp-json\/wp\/v2\/media?parent=94464"}],"wp:term":[{"taxonomy":"category","embeddable":true,"href":"https:\/\/www.messinaoggi.it\/website\/wp-json\/wp\/v2\/categories?post=94464"},{"taxonomy":"post_tag","embeddable":true,"href":"https:\/\/www.messinaoggi.it\/website\/wp-json\/wp\/v2\/tags?post=94464"}],"curies":[{"name":"wp","href":"https:\/\/api.w.org\/{rel}","templated":true}]}}