{"id":9445,"date":"2017-10-12T09:17:51","date_gmt":"2017-10-12T07:17:51","guid":{"rendered":"http:\/\/www.messinaoggi.it\/website\/?p=9445"},"modified":"2017-10-12T09:17:51","modified_gmt":"2017-10-12T07:17:51","slug":"parcheggio-modulare-di-via-la-farina-la-riapertura-si-avvicina","status":"publish","type":"post","link":"https:\/\/www.messinaoggi.it\/website\/2017\/10\/12\/parcheggio-modulare-di-via-la-farina-la-riapertura-si-avvicina\/","title":{"rendered":"Parcheggio modulare di via La Farina, la riapertura si avvicina"},"content":{"rendered":"<p>Finalmente un parcheggio in pieno centro sta per essere consegnato alla citt\u00e0.\u00a0 L&#8217;area di via La Farina, battezzata &#8220;Fosso&#8221;, \u00e8 stata ultimata e presto torner\u00e0 in funzione.<br \/>\nDevastato dal maltempo con le strutture perimetrali ormai fatiscenti, il nuovo parcheggio pu\u00f2 contare sui moduli di San Filippo, piazzati lungo l\u2019argine del torrente omonimo, per un lungo periodo di tempo non transitabile e quindi utilizzati in un decennio solo in occasioni che si contano letteralmente sulle dita di una mano. Costo degli interventi di restyling 300mila euro circa. Ora si attende il collaudo e la data per la riconsegna al pubblico.<br \/>\n <div id=\"div-gpt-ad-Messinaoggi.it-DSK-300x250-corpoart\" style=\"text-align:center;margin:0 auto;\"><\/div><\/p>\n<div id=\"videoincontent\" style=\"clear:both\";><\/div>","protected":false},"excerpt":{"rendered":"<p>Finalmente un parcheggio in pieno centro sta per essere consegnato alla citt\u00e0.\u00a0 L&#8217;area di via La Farina, battezzata &#8220;Fosso&#8221;, \u00e8 stata ultimata e presto torner\u00e0 in funzione. Devastato dal maltempo con le strutture perimetrali ormai fatiscenti, il nuovo parcheggio pu\u00f2 contare sui moduli di San Filippo, piazzati lungo l\u2019argine del torrente omonimo, per un lungo [&hellip;]<\/p>\n","protected":false},"author":2,"featured_media":9446,"comment_status":"closed","ping_status":"open","sticky":false,"template":"","format":"standard","meta":{"ub_ctt_via":"","_mi_skip_tracking":false},"categories":[5],"tags":[],"featured_image_src":"https:\/\/www.messinaoggi.it\/website\/wp-content\/uploads\/2017\/10\/parcheggio-la-farina.jpg","author_info":{"display_name":"Redazione","author_link":"https:\/\/www.messinaoggi.it\/website\/author\/redazione\/"},"digistream_id":0,"digistream":false,"_links":{"self":[{"href":"https:\/\/www.messinaoggi.it\/website\/wp-json\/wp\/v2\/posts\/9445"}],"collection":[{"href":"https:\/\/www.messinaoggi.it\/website\/wp-json\/wp\/v2\/posts"}],"about":[{"href":"https:\/\/www.messinaoggi.it\/website\/wp-json\/wp\/v2\/types\/post"}],"author":[{"embeddable":true,"href":"https:\/\/www.messinaoggi.it\/website\/wp-json\/wp\/v2\/users\/2"}],"replies":[{"embeddable":true,"href":"https:\/\/www.messinaoggi.it\/website\/wp-json\/wp\/v2\/comments?post=9445"}],"version-history":[{"count":0,"href":"https:\/\/www.messinaoggi.it\/website\/wp-json\/wp\/v2\/posts\/9445\/revisions"}],"wp:featuredmedia":[{"embeddable":true,"href":"https:\/\/www.messinaoggi.it\/website\/wp-json\/wp\/v2\/media\/9446"}],"wp:attachment":[{"href":"https:\/\/www.messinaoggi.it\/website\/wp-json\/wp\/v2\/media?parent=9445"}],"wp:term":[{"taxonomy":"category","embeddable":true,"href":"https:\/\/www.messinaoggi.it\/website\/wp-json\/wp\/v2\/categories?post=9445"},{"taxonomy":"post_tag","embeddable":true,"href":"https:\/\/www.messinaoggi.it\/website\/wp-json\/wp\/v2\/tags?post=9445"}],"curies":[{"name":"wp","href":"https:\/\/api.w.org\/{rel}","templated":true}]}}