{"id":94418,"date":"2022-01-21T16:07:33","date_gmt":"2022-01-21T15:07:33","guid":{"rendered":"https:\/\/www.messinaoggi.it\/website\/2022\/01\/21\/bankitalia-pil-a-livello-pre-pandemia-a-meta-del-2022\/"},"modified":"2022-01-21T16:07:33","modified_gmt":"2022-01-21T15:07:33","slug":"bankitalia-pil-a-livello-pre-pandemia-a-meta-del-2022","status":"publish","type":"post","link":"https:\/\/www.messinaoggi.it\/website\/2022\/01\/21\/bankitalia-pil-a-livello-pre-pandemia-a-meta-del-2022\/","title":{"rendered":"Bankitalia, Pil a livello pre-pandemia a met\u00e0 del 2022"},"content":{"rendered":"<div>ROMA (ITALPRESS) &#8211; La crescita in Italia \u00e8 rimasta elevata nel terzo trimestre del 2021, sostenuta dall&#8217;espansione dei consumi delle famiglie. Successivamente il prodotto ha rallentato: sulla base dei modelli della Banca d&#8217;Italia, nel quarto trimestre il Pil avrebbe registrato una crescita attorno al mezzo punto percentuale. L&#8217;incremento del valore aggiunto si \u00e8 indebolito sia nell&#8217;industria sia nel terziario. E&#8217; quanto emerge dai dati del Bollettino economico di Bankitalia, nel quale presenta anche le proiezioni macroeconomiche per l&#8217;Italia per il triennio 2022-24, che aggiornano quelle diffuse in dicembre. Lo scenario si basa sull&#8217;ipotesi che la recente risalita dei contagi abbia riflessi negativi nel breve termine sulla mobilit\u00e0 e sui comportamenti di consumo, ma non richieda un severo inasprimento delle misure restrittive. Si assume che dalla primavera la diffusione dell&#8217;epidemia si attenui. Il Pil, che alla fine della scorsa estate si collocava 1,3 punti percentuali al di sotto dei livelli pre-pandemici, li recupererebbe intorno alla met\u00e0 di quest&#8217;anno. L&#8217;espansione dell&#8217;attivit\u00e0 proseguirebbe poi a ritmi robusti, seppure meno intensi rispetto a quelli osservati in seguito alle riaperture nella parte centrale del 2021. In media d&#8217;anno il Pil aumenterebbe del 3,8% nel 2022, del 2,5% nel 2023 e dell&#8217;1,7% nel 2024. Secondo Bankitalia le prospettive di crescita sono soggette a molteplici rischi, orientati prevalentemente al ribasso. Nel breve termine l&#8217;incertezza che circonda il quadro previsivo \u00e8 connessa con le condizioni sanitarie e con le tensioni sul lato dell&#8217;offerta, che potrebbero rivelarsi pi\u00f9 persistenti delle attese e mostrare un grado di trasmissione all&#8217;economia reale pi\u00f9 accentuato. Nel medio termine, le proiezioni rimangono condizionate alla piena attuazione dei programmi di spesa inclusi nella manovra di bilancio e alla realizzazione completa e tempestiva degli interventi previsti dal Pnrr.<br \/>(ITALPRESS).<\/div>\n<div id=\"div-gpt-ad-Messinaoggi.it-DSK-300x250-corpoart\" style=\"text-align:center;margin:0 auto;\"><\/div><\/p><div id=\"videoincontent\" style=\"clear:both\";><\/div>","protected":false},"excerpt":{"rendered":"<p>ROMA (ITALPRESS) &#8211; La crescita in Italia \u00e8 rimasta elevata nel terzo trimestre del 2021, sostenuta dall&#8217;espansione dei consumi delle famiglie. Successivamente il prodotto ha rallentato: sulla base dei modelli della Banca d&#8217;Italia, nel quarto trimestre il Pil avrebbe registrato una crescita attorno al mezzo punto percentuale. L&#8217;incremento del valore aggiunto si \u00e8 indebolito sia [&hellip;]<\/p>\n","protected":false},"author":18,"featured_media":94419,"comment_status":"closed","ping_status":"closed","sticky":false,"template":"","format":"standard","meta":{"ub_ctt_via":"","_mi_skip_tracking":false},"categories":[446],"tags":[783],"featured_image_src":"https:\/\/www.messinaoggi.it\/website\/wp-content\/uploads\/2022\/01\/20220121_1015.jpg","author_info":{"display_name":"Admin","author_link":"https:\/\/www.messinaoggi.it\/website\/author\/admin\/"},"digistream_id":0,"digistream":false,"_links":{"self":[{"href":"https:\/\/www.messinaoggi.it\/website\/wp-json\/wp\/v2\/posts\/94418"}],"collection":[{"href":"https:\/\/www.messinaoggi.it\/website\/wp-json\/wp\/v2\/posts"}],"about":[{"href":"https:\/\/www.messinaoggi.it\/website\/wp-json\/wp\/v2\/types\/post"}],"author":[{"embeddable":true,"href":"https:\/\/www.messinaoggi.it\/website\/wp-json\/wp\/v2\/users\/18"}],"replies":[{"embeddable":true,"href":"https:\/\/www.messinaoggi.it\/website\/wp-json\/wp\/v2\/comments?post=94418"}],"version-history":[{"count":0,"href":"https:\/\/www.messinaoggi.it\/website\/wp-json\/wp\/v2\/posts\/94418\/revisions"}],"wp:featuredmedia":[{"embeddable":true,"href":"https:\/\/www.messinaoggi.it\/website\/wp-json\/wp\/v2\/media\/94419"}],"wp:attachment":[{"href":"https:\/\/www.messinaoggi.it\/website\/wp-json\/wp\/v2\/media?parent=94418"}],"wp:term":[{"taxonomy":"category","embeddable":true,"href":"https:\/\/www.messinaoggi.it\/website\/wp-json\/wp\/v2\/categories?post=94418"},{"taxonomy":"post_tag","embeddable":true,"href":"https:\/\/www.messinaoggi.it\/website\/wp-json\/wp\/v2\/tags?post=94418"}],"curies":[{"name":"wp","href":"https:\/\/api.w.org\/{rel}","templated":true}]}}