{"id":94383,"date":"2022-01-21T13:32:33","date_gmt":"2022-01-21T12:32:33","guid":{"rendered":"https:\/\/www.messinaoggi.it\/website\/2022\/01\/21\/fa-tappa-a-catania-la-carovana-della-prevenzione-di-komen-italia\/"},"modified":"2022-01-21T13:32:33","modified_gmt":"2022-01-21T12:32:33","slug":"fa-tappa-a-catania-la-carovana-della-prevenzione-di-komen-italia","status":"publish","type":"post","link":"https:\/\/www.messinaoggi.it\/website\/2022\/01\/21\/fa-tappa-a-catania-la-carovana-della-prevenzione-di-komen-italia\/","title":{"rendered":"Fa tappa a Catania la \u201cCarovana della Prevenzione\u201d di Komen Italia"},"content":{"rendered":"<div>\n<p>CATANIA (ITALPRESS) \u2013 E\u2019 stata inaugurata a Catania la prima delle due giornate della Carovana della Prevenzione, l\u2019ultima tappa del programma itinerante di Susan Komen per offrire gratuitamente prestazioni cliniche e diagnostiche di prevenzione a donne in difficolt\u00e0. Il progetto, realizzato grazie al contributo di Procter &amp; Gamble nell\u2019ambito del programma di cittadinanza d\u2019impresa \u201cP&amp;G per l\u2019Italia\u201d ha raggiunto numerose citt\u00e0 italiane erogando gratuitamente oltre 1.200 esami diagnostici. Durante l\u2019inaugurazione Susan Komen e P&amp;G Italia hanno annunciato il nuovo tour della Carovana della Prevenzione: \u201cUlteriori dieci tappe per offrire ad un pubblico femminile sempre pi\u00f9 ampio attivit\u00e0 gratuite di sensibilizzazione e prevenzione delle principali patologie oncologiche, grazie all\u2019ausilio di 4 Unit\u00e0 Mobili dotate di strumentazioni diagnostiche di ultima tecnologia\u201d.<br \/>In piazza Universit\u00e0, erano presenti Sara Pettinato, presidente della Commissione Consiliare che ha portato i saluti del Sindaco di Catania, Salvo Pogliese; Antonio Leonardi, direttore del Dipartimento di Prevenzione; Renato Scillieri, direttore dell\u2019Unit\u00e0 di Screening; il deputato regionale Gaetano Galvagno; Riccardo Calvi, Direttore Comunicazione Procter &amp; Gamble Italia e Bianca Casieri Head Programmi DiR e Sviluppo Territoriale Komen Italia. Nel corso della cerimonia di inaugurazione \u00e8 stata presentata l\u2019iniziativa rivolta a donne non inserite nelle liste di screening della Regione Sicilia per offrire gratuitamente, grazie alle Unit\u00e0 Mobili di Komen Italia, visite ed esami diagnostici per la prevenzione dei tumori del seno, tumori ginecologici, tumori della pelle, del colon-retto e lo screening del piede piatto nell\u2019adolescente. <br \/>La Carovana della Prevenzione \u00e8 il Programma Nazionale Itinerante di Promozione della Salute Femminile di Komen Italia che offre ad un pubblico sempre pi\u00f9 ampio attivit\u00e0 gratuite di sensibilizzazione e prevenzione delle principali patologie oncologiche di genere grazie all\u2019ausilio di 4 Unit\u00e0 Mobili dotate di strumentazioni diagnostiche di ultima tecnologia. <br \/>In particolare, la Carovana si rivolge a donne che vivono in condizioni di disagio sociale ed economico e che per questo dedicano meno attenzione alla propria salute. <br \/>La tappa si svolge con il Patrocinio del Comune di Catania, con la partecipazione dell\u2019ASP di Catania, in collaborazione con l\u2019Associazione Agata Donna per le Donne. <br \/>La tappa di Catania \u00e8 l\u2019ultima delle 10 tappe del primo tour della Carovana della Prevenzione realizzato grazie al contributo di Procter &amp; Gamble nell\u2019ambito del programma di cittadinanza d\u2019impresa \u201cP&amp;G per l\u2019Italia\u201d che ha raggiunto numerose citt\u00e0 italiane erogando gratuitamente, a donne in situazioni di difficolt\u00e0 socio-economiche, numerosi esami diagnostici che con gli screening delle due giornate di Catania arriveranno a superare le 1250 prestazioni.  <br \/>Le tappe sostenute da Procter &amp; Gamble si sono svolte in diverse regioni italiane del centro sud Italia nel 2021 e 2022. <br \/>Komen Italia ha annunciato oggi il rinnovo del sostegno di Procter &amp; Gamble di altre 10 tappe della Carovana della Prevenzione nelle periferie e nelle aree di maggiore disagio nel centro sud Italia. <br \/>\u00abSiamo orgogliosi di aver sostenuto 10 tappe della \u201cCarovana della Prevenzione\u201d di Susan G. Komen Italia nell\u2019ambito del nostro programma di cittadinanza d\u2019impresa \u201cP&amp;G per l\u2019Italia\u201d che hanno permesso di offrire oltre 1200 esami diagnostici gratuiti. Ma non ci fermiamo qui \u2013 commenta Riccardo Calvi, Direttore Comunicazione Procter &amp; Gamble Italia -. Siamo consapevoli che il ritardo nelle visite mediche di prevenzione \u00e8 tra gli effetti collaterali della pandemia pi\u00f9 silenti ma pi\u00f9 gravi. Oltre al lockdown, la drastica riduzione delle disponibilit\u00e0 economiche nelle famiglie ha portato molte donne ad interrompere i controlli periodici volti alla diagnosi precoce di alcune forme di tumore, fattore determinante per una migliore possibilit\u00e0 di cura. Per questo non ci fermeremo e sosterremo altre 10 tappe della \u201cCarovana della Prevenzione\u201d per portare le attivit\u00e0 di screening nelle aree in Italia dove c\u2019\u00e8 pi\u00f9 bisogno e dove ci auguriamo di poter aiutare tante altre donne che hanno meno opportunit\u00e0 di fare prevenzione. Per non lasciare indietro nessuna di loro\u00bb.<br \/>La pandemia ha determinato una riduzione media del 35% negli screening e oltre 3.000 delle 56.000 donne con un tumore del seno hanno avuto nel 2021 una diagnosi in ritardo. \u00abLa Prevenzione \u00e8 il primo alleato delle Donne: lo affermo come Donna in Rosa perch\u00e8 mi sono confrontata personalmente con un tumore del seno e perch\u00e8 \u00e8 il principale obiettivo di Komen Italia che opera dal oltre 20 anni per promuovere gli screening, potenziare la ricerca e le opportunit\u00e0 di cura\u00bb, aggiunge Bianca Casieri, Head Programmi DiR e Sviluppo Territoriale Komen Italia. \u00abAnche le cure in questi 24 mesi sono state fortemente rallentate e rese pi\u00f9 difficili \u2013 sottolinea -. Nel 2022 c\u2019\u00e8 bisogno di un impegno straordinario e per questo motivo ringrazio P&amp;G che con il Programma Procter per l\u2019Italia sosterr\u00e0 ancora una volta la Komen Italia per rafforzare le proprie attivit\u00e0 e dare risposte concrete all\u2019emergenza sanitaria\u00bb.<br \/>(ITALPRESS).<div id=\"div-gpt-ad-Messinaoggi.it-DSK-300x250-corpoart\" style=\"text-align:center;margin:0 auto;\"><\/div><\/p>\n<\/div>\n<div id=\"videoincontent\" style=\"clear:both\";><\/div>","protected":false},"excerpt":{"rendered":"<p>CATANIA (ITALPRESS) \u2013 E\u2019 stata inaugurata a Catania la prima delle due giornate della Carovana della Prevenzione, l\u2019ultima tappa del programma itinerante di Susan Komen per offrire gratuitamente prestazioni cliniche e diagnostiche di prevenzione a donne in difficolt\u00e0. Il progetto, realizzato grazie al contributo di Procter &amp; Gamble nell\u2019ambito del programma di cittadinanza d\u2019impresa \u201cP&amp;G [&hellip;]<\/p>\n","protected":false},"author":18,"featured_media":94384,"comment_status":"closed","ping_status":"closed","sticky":false,"template":"","format":"standard","meta":{"ub_ctt_via":"","_mi_skip_tracking":false},"categories":[2449],"tags":[783],"featured_image_src":"https:\/\/www.messinaoggi.it\/website\/wp-content\/uploads\/2022\/01\/20220121_0588.jpg","author_info":{"display_name":"Admin","author_link":"https:\/\/www.messinaoggi.it\/website\/author\/admin\/"},"digistream_id":0,"digistream":false,"_links":{"self":[{"href":"https:\/\/www.messinaoggi.it\/website\/wp-json\/wp\/v2\/posts\/94383"}],"collection":[{"href":"https:\/\/www.messinaoggi.it\/website\/wp-json\/wp\/v2\/posts"}],"about":[{"href":"https:\/\/www.messinaoggi.it\/website\/wp-json\/wp\/v2\/types\/post"}],"author":[{"embeddable":true,"href":"https:\/\/www.messinaoggi.it\/website\/wp-json\/wp\/v2\/users\/18"}],"replies":[{"embeddable":true,"href":"https:\/\/www.messinaoggi.it\/website\/wp-json\/wp\/v2\/comments?post=94383"}],"version-history":[{"count":0,"href":"https:\/\/www.messinaoggi.it\/website\/wp-json\/wp\/v2\/posts\/94383\/revisions"}],"wp:featuredmedia":[{"embeddable":true,"href":"https:\/\/www.messinaoggi.it\/website\/wp-json\/wp\/v2\/media\/94384"}],"wp:attachment":[{"href":"https:\/\/www.messinaoggi.it\/website\/wp-json\/wp\/v2\/media?parent=94383"}],"wp:term":[{"taxonomy":"category","embeddable":true,"href":"https:\/\/www.messinaoggi.it\/website\/wp-json\/wp\/v2\/categories?post=94383"},{"taxonomy":"post_tag","embeddable":true,"href":"https:\/\/www.messinaoggi.it\/website\/wp-json\/wp\/v2\/tags?post=94383"}],"curies":[{"name":"wp","href":"https:\/\/api.w.org\/{rel}","templated":true}]}}