{"id":94377,"date":"2022-01-21T13:07:32","date_gmt":"2022-01-21T12:07:32","guid":{"rendered":"https:\/\/www.messinaoggi.it\/website\/2022\/01\/21\/draghi-firma-il-dpcm-sulluso-del-green-pass-in-attivita-commerciali\/"},"modified":"2022-01-21T13:07:32","modified_gmt":"2022-01-21T12:07:32","slug":"draghi-firma-il-dpcm-sulluso-del-green-pass-in-attivita-commerciali","status":"publish","type":"post","link":"https:\/\/www.messinaoggi.it\/website\/2022\/01\/21\/draghi-firma-il-dpcm-sulluso-del-green-pass-in-attivita-commerciali\/","title":{"rendered":"Draghi firma il Dpcm sull\u2019uso del Green Pass in attivit\u00e0 commerciali"},"content":{"rendered":"<div>ROMA (ITALPRESS) &#8211; Il presidente del Consiglio, Mario Draghi, ha firmato il Dpcm che indica le attivit\u00e0 commerciali in cui dal primo febbraio sar\u00e0 possibile continuare ad accedere senza green pass. Si tratta, chiarisce il provvedimento, di quelle attivit\u00e0 legate alle &#8220;esigenze essenziali e primarie della persona&#8221;, quindi &#8220;esigenze alimentari e di prima necessit\u00e0&#8221;; &#8220;esigenze di salute&#8221; come &#8220;l&#8217;approvvigionamento di farmaci e dispositivi medici e alle strutture sanitarie&#8221; e &#8220;veterinarie&#8221;; &#8220;esigenze di sicurezza&#8221;; &#8220;esigenze di giustizia&#8221;. <br \/>Per quanto riguarda gli esercizi commerciali che riguardano esigenze alimentari e di prima necessit\u00e0, viene consentito l&#8217;ingresso senza green pass per supermercati, commercio al dettaglio di prodotti surgelati, alimenti per animali domestici, carburante per autotrazione, articoli igienico-sanitari, farmacie, articoli medicali e ortopedici, materiale ottico e combustibile per uso domestico e riscaldamento. <br \/>Il green pass non \u00e8 inoltre richiesto per &#8220;esigenze di sicurezza, per le quali \u00e8 consentito l&#8217;accesso agli uffici aperti al pubblico delle Forze di polizia e delle polizie locali, allo scopo di assicurare lo svolgimento delle attivit\u00e0 istituzionali indifferibili, nonch\u00e8 quelle di prevenzione e repressione degli illeciti&#8221; e infine &#8220;esigenze di giustizia, per le quali \u00e8 consentito l&#8217;accesso agli uffici giudiziari e agli uffici dei servizi sociosanitari esclusivamente per la presentazione indifferibile e urgente di denunzie da parte di soggetti vittime di reati o di richieste di interventi giudiziari a tutela di persone minori di et\u00e0 o incapaci, nonch\u00e8 per consentire lo svolgimento di attivit\u00e0 di indagine o giurisdizionale per cui \u00e8 necessaria la presenza della persona convocata&#8221;.<br \/>(ITALPRESS).<\/div>\n<div id=\"div-gpt-ad-Messinaoggi.it-DSK-300x250-corpoart\" style=\"text-align:center;margin:0 auto;\"><\/div><\/p><div id=\"videoincontent\" style=\"clear:both\";><\/div>","protected":false},"excerpt":{"rendered":"<p>ROMA (ITALPRESS) &#8211; Il presidente del Consiglio, Mario Draghi, ha firmato il Dpcm che indica le attivit\u00e0 commerciali in cui dal primo febbraio sar\u00e0 possibile continuare ad accedere senza green pass. Si tratta, chiarisce il provvedimento, di quelle attivit\u00e0 legate alle &#8220;esigenze essenziali e primarie della persona&#8221;, quindi &#8220;esigenze alimentari e di prima necessit\u00e0&#8221;; &#8220;esigenze [&hellip;]<\/p>\n","protected":false},"author":18,"featured_media":94378,"comment_status":"closed","ping_status":"closed","sticky":false,"template":"","format":"standard","meta":{"ub_ctt_via":"","_mi_skip_tracking":false},"categories":[446],"tags":[783],"featured_image_src":"https:\/\/www.messinaoggi.it\/website\/wp-content\/uploads\/2022\/01\/20220121_0436.jpg","author_info":{"display_name":"Admin","author_link":"https:\/\/www.messinaoggi.it\/website\/author\/admin\/"},"digistream_id":0,"digistream":false,"_links":{"self":[{"href":"https:\/\/www.messinaoggi.it\/website\/wp-json\/wp\/v2\/posts\/94377"}],"collection":[{"href":"https:\/\/www.messinaoggi.it\/website\/wp-json\/wp\/v2\/posts"}],"about":[{"href":"https:\/\/www.messinaoggi.it\/website\/wp-json\/wp\/v2\/types\/post"}],"author":[{"embeddable":true,"href":"https:\/\/www.messinaoggi.it\/website\/wp-json\/wp\/v2\/users\/18"}],"replies":[{"embeddable":true,"href":"https:\/\/www.messinaoggi.it\/website\/wp-json\/wp\/v2\/comments?post=94377"}],"version-history":[{"count":0,"href":"https:\/\/www.messinaoggi.it\/website\/wp-json\/wp\/v2\/posts\/94377\/revisions"}],"wp:featuredmedia":[{"embeddable":true,"href":"https:\/\/www.messinaoggi.it\/website\/wp-json\/wp\/v2\/media\/94378"}],"wp:attachment":[{"href":"https:\/\/www.messinaoggi.it\/website\/wp-json\/wp\/v2\/media?parent=94377"}],"wp:term":[{"taxonomy":"category","embeddable":true,"href":"https:\/\/www.messinaoggi.it\/website\/wp-json\/wp\/v2\/categories?post=94377"},{"taxonomy":"post_tag","embeddable":true,"href":"https:\/\/www.messinaoggi.it\/website\/wp-json\/wp\/v2\/tags?post=94377"}],"curies":[{"name":"wp","href":"https:\/\/api.w.org\/{rel}","templated":true}]}}