{"id":9435,"date":"2017-10-11T21:56:22","date_gmt":"2017-10-11T19:56:22","guid":{"rendered":"http:\/\/www.messinaoggi.it\/website\/?p=9435"},"modified":"2017-10-11T21:56:22","modified_gmt":"2017-10-11T19:56:22","slug":"crocetta-il-ricorso-e-stato-depositato-al-tar-comunque-vada-faro-campagna-elettorale","status":"publish","type":"post","link":"https:\/\/www.messinaoggi.it\/website\/2017\/10\/11\/crocetta-il-ricorso-e-stato-depositato-al-tar-comunque-vada-faro-campagna-elettorale\/","title":{"rendered":"Crocetta: &quot;Il ricorso \u00e8 stato depositato al Tar. Comunque vada far\u00f2 campagna elettorale&quot;"},"content":{"rendered":"<p>Conferenza stampa questo pomeriggio del governatore Rosario Crocetta: si \u00e8 parlato del ricorso al Tar per la riammissione della lista esclusa a Messina.<br \/>\n&#8220;Il ricorso l&#8217;abbiamo presentato oggi entro mezzogiorno. Credo che sar\u00e0 discusso tra domani e dopodomani, speriamo anche domani. Dura lex, sed lex. Sulla base del ricorso decideremo&#8221;. L&#8217;ha detto il presidente della Regione Rosario Crocetta, a Catania, durante la presentazione delle liste del Megafono alle prossime elezioni regionali, in merito al ricorso al Tar presentato contro l&#8217;esclusione nella circoscrizione di Messina(unica provincia in cui il governatore uscente sarebbe stato candidato) della lista &#8216;Arcipelago Sicilia &#8211; Micari presidente&#8217; disposta dall&#8217;ufficio elettorale circoscrizionale per un ritardo nella presentazione della documentazione. &#8220;Questo &#8211; ha aggiunto Crocetta &#8211; non significa affatto che se io non dovessi essere candidato a Messina, non faro&#8217; la campagna elettorale. Uno che \u00e8 predisposto al martirio che deve fare? Uno che si chiama Crocetta Rosario \u00e8 immolato al sacrificio gi\u00e0 dal nome&#8221;.<br \/>\n&#8220;Ho sempre vissuto con seriet\u00e0, consapevole che chi svolge un ruolo istituzionale deve essere una persona seria e non puo&#8217; dare ragione di scandalo sia che sia eterosessuale che omosessuale. Chi rappresenta le istituzioni deve dare un esempio dignitoso di vita e io l&#8217;ho fatto. Adesso finalmente mi sento con le mani libere&#8221;, ha aggiunto. &#8220;In questi cinque anni &#8211; ha concluso &#8211; ho avuto degli attacchi spaventosi sul piano politico e personale. Ho resistito ai vari attacchi e in cinque anni non ho dato mai alcuna ragione di scandalo. Sono uno che ama lo scandalo verbale, ma poi nella sostanza e&#8217; un bacchettone che vive una vita monacale&#8221;.<div id=\"div-gpt-ad-Messinaoggi.it-DSK-300x250-corpoart\" style=\"text-align:center;margin:0 auto;\"><\/div><\/p>\n<div id=\"videoincontent\" style=\"clear:both\";><\/div>","protected":false},"excerpt":{"rendered":"<p>Conferenza stampa questo pomeriggio del governatore Rosario Crocetta: si \u00e8 parlato del ricorso al Tar per la riammissione della lista esclusa a Messina. &#8220;Il ricorso l&#8217;abbiamo presentato oggi entro mezzogiorno. Credo che sar\u00e0 discusso tra domani e dopodomani, speriamo anche domani. Dura lex, sed lex. Sulla base del ricorso decideremo&#8221;. L&#8217;ha detto il presidente della [&hellip;]<\/p>\n","protected":false},"author":2,"featured_media":8069,"comment_status":"closed","ping_status":"open","sticky":false,"template":"","format":"standard","meta":{"ub_ctt_via":"","_mi_skip_tracking":false},"categories":[6],"tags":[],"featured_image_src":"https:\/\/www.messinaoggi.it\/website\/wp-content\/uploads\/2017\/09\/crocetta1-2.jpg","author_info":{"display_name":"Redazione","author_link":"https:\/\/www.messinaoggi.it\/website\/author\/redazione\/"},"digistream_id":0,"digistream":false,"_links":{"self":[{"href":"https:\/\/www.messinaoggi.it\/website\/wp-json\/wp\/v2\/posts\/9435"}],"collection":[{"href":"https:\/\/www.messinaoggi.it\/website\/wp-json\/wp\/v2\/posts"}],"about":[{"href":"https:\/\/www.messinaoggi.it\/website\/wp-json\/wp\/v2\/types\/post"}],"author":[{"embeddable":true,"href":"https:\/\/www.messinaoggi.it\/website\/wp-json\/wp\/v2\/users\/2"}],"replies":[{"embeddable":true,"href":"https:\/\/www.messinaoggi.it\/website\/wp-json\/wp\/v2\/comments?post=9435"}],"version-history":[{"count":0,"href":"https:\/\/www.messinaoggi.it\/website\/wp-json\/wp\/v2\/posts\/9435\/revisions"}],"wp:featuredmedia":[{"embeddable":true,"href":"https:\/\/www.messinaoggi.it\/website\/wp-json\/wp\/v2\/media\/8069"}],"wp:attachment":[{"href":"https:\/\/www.messinaoggi.it\/website\/wp-json\/wp\/v2\/media?parent=9435"}],"wp:term":[{"taxonomy":"category","embeddable":true,"href":"https:\/\/www.messinaoggi.it\/website\/wp-json\/wp\/v2\/categories?post=9435"},{"taxonomy":"post_tag","embeddable":true,"href":"https:\/\/www.messinaoggi.it\/website\/wp-json\/wp\/v2\/tags?post=9435"}],"curies":[{"name":"wp","href":"https:\/\/api.w.org\/{rel}","templated":true}]}}