{"id":94349,"date":"2022-01-21T11:07:33","date_gmt":"2022-01-21T10:07:33","guid":{"rendered":"https:\/\/www.messinaoggi.it\/website\/2022\/01\/21\/quirinale-renzi-non-si-puo-mettere-draghi-in-panchina\/"},"modified":"2022-01-21T11:07:33","modified_gmt":"2022-01-21T10:07:33","slug":"quirinale-renzi-non-si-puo-mettere-draghi-in-panchina","status":"publish","type":"post","link":"https:\/\/www.messinaoggi.it\/website\/2022\/01\/21\/quirinale-renzi-non-si-puo-mettere-draghi-in-panchina\/","title":{"rendered":"Quirinale, Renzi \u201cNon si pu\u00f2 mettere Draghi in panchina\u201d"},"content":{"rendered":"<div>ROMA (ITALPRESS) &#8211; &#8220;Se si porta Draghi come candidato allo scrutinio segreto, lo si elegge, anche perch\u00e8 esporlo a una bocciatura dell&#8217;Aula significherebbe perderlo sia per il Colle che per il governo. E l&#8217;Italia una cosa non se la pu\u00f2 permettere: rimettere Mario Draghi in panchina&#8221;. Lo dice il leader Iv Matteo Renzi, intervistato da La Stampa.<br \/>&#8220;Noi possiamo schierare Draghi come centravanti a Palazzo Chigi o portiere al Quirinale -aggiunge &#8211; ma l&#8217;unica cosa sicura \u00e8 che non possiamo perderlo&#8221;. Draghi &#8220;per sette anni al Quirinale sta in piedi se c&#8217;\u00e8 un&#8217;operazione politica di sostegno&#8221;. &#8220;Penso che se c&#8217;\u00e8 uno schema di gioco pronto per il dopo, allora l&#8217;operazione Draghi \u00e8 fattibile&#8221;.<br \/>(ITALPRESS).<\/div>\n<div id=\"div-gpt-ad-Messinaoggi.it-DSK-300x250-corpoart\" style=\"text-align:center;margin:0 auto;\"><\/div><\/p><div id=\"videoincontent\" style=\"clear:both\";><\/div>","protected":false},"excerpt":{"rendered":"<p>ROMA (ITALPRESS) &#8211; &#8220;Se si porta Draghi come candidato allo scrutinio segreto, lo si elegge, anche perch\u00e8 esporlo a una bocciatura dell&#8217;Aula significherebbe perderlo sia per il Colle che per il governo. E l&#8217;Italia una cosa non se la pu\u00f2 permettere: rimettere Mario Draghi in panchina&#8221;. Lo dice il leader Iv Matteo Renzi, intervistato da [&hellip;]<\/p>\n","protected":false},"author":18,"featured_media":94350,"comment_status":"closed","ping_status":"closed","sticky":false,"template":"","format":"standard","meta":{"ub_ctt_via":"","_mi_skip_tracking":false},"categories":[446],"tags":[783],"featured_image_src":"https:\/\/www.messinaoggi.it\/website\/wp-content\/uploads\/2022\/01\/20220121_0162.jpg","author_info":{"display_name":"Admin","author_link":"https:\/\/www.messinaoggi.it\/website\/author\/admin\/"},"digistream_id":0,"digistream":false,"_links":{"self":[{"href":"https:\/\/www.messinaoggi.it\/website\/wp-json\/wp\/v2\/posts\/94349"}],"collection":[{"href":"https:\/\/www.messinaoggi.it\/website\/wp-json\/wp\/v2\/posts"}],"about":[{"href":"https:\/\/www.messinaoggi.it\/website\/wp-json\/wp\/v2\/types\/post"}],"author":[{"embeddable":true,"href":"https:\/\/www.messinaoggi.it\/website\/wp-json\/wp\/v2\/users\/18"}],"replies":[{"embeddable":true,"href":"https:\/\/www.messinaoggi.it\/website\/wp-json\/wp\/v2\/comments?post=94349"}],"version-history":[{"count":0,"href":"https:\/\/www.messinaoggi.it\/website\/wp-json\/wp\/v2\/posts\/94349\/revisions"}],"wp:featuredmedia":[{"embeddable":true,"href":"https:\/\/www.messinaoggi.it\/website\/wp-json\/wp\/v2\/media\/94350"}],"wp:attachment":[{"href":"https:\/\/www.messinaoggi.it\/website\/wp-json\/wp\/v2\/media?parent=94349"}],"wp:term":[{"taxonomy":"category","embeddable":true,"href":"https:\/\/www.messinaoggi.it\/website\/wp-json\/wp\/v2\/categories?post=94349"},{"taxonomy":"post_tag","embeddable":true,"href":"https:\/\/www.messinaoggi.it\/website\/wp-json\/wp\/v2\/tags?post=94349"}],"curies":[{"name":"wp","href":"https:\/\/api.w.org\/{rel}","templated":true}]}}