{"id":94324,"date":"2022-01-21T09:07:38","date_gmt":"2022-01-21T08:07:38","guid":{"rendered":"https:\/\/www.messinaoggi.it\/website\/2022\/01\/21\/covid-ricciardi-in-8-giorni-fuori-dalla-pandemia-se-testiamo-tutti\/"},"modified":"2022-01-21T09:14:42","modified_gmt":"2022-01-21T08:14:42","slug":"covid-ricciardi-in-8-giorni-fuori-dalla-pandemia-se-testiamo-tutti","status":"publish","type":"post","link":"https:\/\/www.messinaoggi.it\/website\/2022\/01\/21\/covid-ricciardi-in-8-giorni-fuori-dalla-pandemia-se-testiamo-tutti\/","title":{"rendered":"Covid, Ricciardi \u201cIn 8 giorni fuori dalla pandemia se testiamo tutti\u201d"},"content":{"rendered":"<div>ROMA (ITALPRESS) &#8211; &#8220;Ci sono due possibilit\u00e0 di fronte alla pandemia. O fai la mitigazione o il contenimento. Se scegli la prima sei sempre indietro. Ma una malattia come questa, con una tale mortalit\u00e0 e contagiosit\u00e0 non la devi inseguire, bens\u00ec anticipare, anche prendendo decisioni impopolari prima&#8221;. Lo dice Walter Ricciardi, consulente del ministro della Salute Roberto Speranza, in un&#8217;intervista a Repubblica. &#8220;Oltre a vaccinare tutti &#8211; aggiunge &#8211; bisognerebbe fare i tamponi alla stragrande maggioranza degli italiani e isolare gli infetti. Se ne uscirebbe in 8 giorni. E&#8217; un&#8217;operazione che tutti dicono sia impossibile ma i cinesi per un caso testano 10 milioni di persone. Noi con 200mila potremmo ben testare 60 milioni di italiani&#8221;. E aggiunge: &#8220;Non \u00e8 ancora chiaro ma forse s\u00ec, lentamente si va verso la fine. Speriamo che l&#8217;ondata si esaurisca a febbraio &#8211; dice &#8211; avremo, se non allentiamo troppo le misure, una primavera discreta e un&#8217;estate ottima e quindi un autunno di difficolt\u00e0. Entreremo in un circolo vizioso se appunto le Regioni non migliorano il sistema di tracciamento e di testing&#8221;.<br \/>(ITALPRESS).<\/div>\n<div id=\"div-gpt-ad-Messinaoggi.it-DSK-300x250-corpoart\" style=\"text-align:center;margin:0 auto;\"><\/div><\/p><div id=\"videoincontent\" style=\"clear:both\";><\/div>","protected":false},"excerpt":{"rendered":"<p>ROMA (ITALPRESS) &#8211; &#8220;Ci sono due possibilit\u00e0 di fronte alla pandemia. O fai la mitigazione o il contenimento. Se scegli la prima sei sempre indietro. Ma una malattia come questa, con una tale mortalit\u00e0 e contagiosit\u00e0 non la devi inseguire, bens\u00ec anticipare, anche prendendo decisioni impopolari prima&#8221;. Lo dice Walter Ricciardi, consulente del ministro della [&hellip;]<\/p>\n","protected":false},"author":18,"featured_media":94325,"comment_status":"closed","ping_status":"closed","sticky":false,"template":"","format":"standard","meta":{"ub_ctt_via":"","_mi_skip_tracking":false},"categories":[221,446],"tags":[783],"featured_image_src":"https:\/\/www.messinaoggi.it\/website\/wp-content\/uploads\/2022\/01\/20220121_0071.jpg","author_info":{"display_name":"Admin","author_link":"https:\/\/www.messinaoggi.it\/website\/author\/admin\/"},"digistream_id":0,"digistream":false,"_links":{"self":[{"href":"https:\/\/www.messinaoggi.it\/website\/wp-json\/wp\/v2\/posts\/94324"}],"collection":[{"href":"https:\/\/www.messinaoggi.it\/website\/wp-json\/wp\/v2\/posts"}],"about":[{"href":"https:\/\/www.messinaoggi.it\/website\/wp-json\/wp\/v2\/types\/post"}],"author":[{"embeddable":true,"href":"https:\/\/www.messinaoggi.it\/website\/wp-json\/wp\/v2\/users\/18"}],"replies":[{"embeddable":true,"href":"https:\/\/www.messinaoggi.it\/website\/wp-json\/wp\/v2\/comments?post=94324"}],"version-history":[{"count":1,"href":"https:\/\/www.messinaoggi.it\/website\/wp-json\/wp\/v2\/posts\/94324\/revisions"}],"predecessor-version":[{"id":94326,"href":"https:\/\/www.messinaoggi.it\/website\/wp-json\/wp\/v2\/posts\/94324\/revisions\/94326"}],"wp:featuredmedia":[{"embeddable":true,"href":"https:\/\/www.messinaoggi.it\/website\/wp-json\/wp\/v2\/media\/94325"}],"wp:attachment":[{"href":"https:\/\/www.messinaoggi.it\/website\/wp-json\/wp\/v2\/media?parent=94324"}],"wp:term":[{"taxonomy":"category","embeddable":true,"href":"https:\/\/www.messinaoggi.it\/website\/wp-json\/wp\/v2\/categories?post=94324"},{"taxonomy":"post_tag","embeddable":true,"href":"https:\/\/www.messinaoggi.it\/website\/wp-json\/wp\/v2\/tags?post=94324"}],"curies":[{"name":"wp","href":"https:\/\/api.w.org\/{rel}","templated":true}]}}