{"id":94314,"date":"2022-01-21T00:07:32","date_gmt":"2022-01-20T23:07:32","guid":{"rendered":"https:\/\/www.messinaoggi.it\/website\/2022\/01\/20\/quirinale-conte-a-salvini-rappresentata-esigenza-presidente-di-tutti\/"},"modified":"2022-01-21T09:15:16","modified_gmt":"2022-01-21T08:15:16","slug":"quirinale-conte-a-salvini-rappresentata-esigenza-presidente-di-tutti","status":"publish","type":"post","link":"https:\/\/www.messinaoggi.it\/website\/2022\/01\/21\/quirinale-conte-a-salvini-rappresentata-esigenza-presidente-di-tutti\/","title":{"rendered":"Quirinale, Conte \u201cA Salvini rappresentata esigenza presidente di tutti\u201d"},"content":{"rendered":"<div>ROMA (ITALPRESS) &#8211; &#8220;Un incontro come con altri leader, \u00e8 un periodo in cui ci si confronta e si parla di tutto anche sulle prospettive del Quirinale&#8221;. Cos\u00ec il presidente del M5S, Giuseppe Conte, dopo l&#8217;incontro con il segretario della Lega Matteo Salvini. &#8220;Draghi? Non si parla di nomi, ma di schemi politici. C&#8217;\u00e8 la consapevolezza di dovere allargare lo spettro del confronto perch\u00e8 abbiamo bisogno di un presidente autorevole, che rappresenti il pi\u00f9 ampio schieramento delle forze politiche presenti in Parlamento e non possiamo quindi eleggere un presidente di parte. Ho rappresentato a Salvini l&#8217;esigenza di eleggere un presidente che possa rappresentare tutti&#8221;, ha aggiunto. Alla domanda se si sia parlato anche del futuro assetto del governo e di un rimpasto, Conte ha chiarito: &#8220;Non siamo assolutamente entrati in questi dettagli. E&#8217; stato un confronto sugli schemi politici e per trovare un confronto fra i diversi schieramenti&#8221;. Quanto alla candidatura di Berlusconi, il presidente M5S ha chiosato: &#8220;Credo che abbiano in programma un incontro e si confronteranno anche loro&#8221;.<br \/>(ITALPRESS).<\/div>\n<div id=\"div-gpt-ad-Messinaoggi.it-DSK-300x250-corpoart\" style=\"text-align:center;margin:0 auto;\"><\/div><\/p><div id=\"videoincontent\" style=\"clear:both\";><\/div>","protected":false},"excerpt":{"rendered":"<p>ROMA (ITALPRESS) &#8211; &#8220;Un incontro come con altri leader, \u00e8 un periodo in cui ci si confronta e si parla di tutto anche sulle prospettive del Quirinale&#8221;. Cos\u00ec il presidente del M5S, Giuseppe Conte, dopo l&#8217;incontro con il segretario della Lega Matteo Salvini. &#8220;Draghi? Non si parla di nomi, ma di schemi politici. C&#8217;\u00e8 la [&hellip;]<\/p>\n","protected":false},"author":18,"featured_media":94315,"comment_status":"closed","ping_status":"closed","sticky":false,"template":"","format":"standard","meta":{"ub_ctt_via":"","_mi_skip_tracking":false},"categories":[446,4],"tags":[783],"featured_image_src":"https:\/\/www.messinaoggi.it\/website\/wp-content\/uploads\/2022\/01\/20220120_2547.jpg","author_info":{"display_name":"Admin","author_link":"https:\/\/www.messinaoggi.it\/website\/author\/admin\/"},"digistream_id":0,"digistream":false,"_links":{"self":[{"href":"https:\/\/www.messinaoggi.it\/website\/wp-json\/wp\/v2\/posts\/94314"}],"collection":[{"href":"https:\/\/www.messinaoggi.it\/website\/wp-json\/wp\/v2\/posts"}],"about":[{"href":"https:\/\/www.messinaoggi.it\/website\/wp-json\/wp\/v2\/types\/post"}],"author":[{"embeddable":true,"href":"https:\/\/www.messinaoggi.it\/website\/wp-json\/wp\/v2\/users\/18"}],"replies":[{"embeddable":true,"href":"https:\/\/www.messinaoggi.it\/website\/wp-json\/wp\/v2\/comments?post=94314"}],"version-history":[{"count":1,"href":"https:\/\/www.messinaoggi.it\/website\/wp-json\/wp\/v2\/posts\/94314\/revisions"}],"predecessor-version":[{"id":94329,"href":"https:\/\/www.messinaoggi.it\/website\/wp-json\/wp\/v2\/posts\/94314\/revisions\/94329"}],"wp:featuredmedia":[{"embeddable":true,"href":"https:\/\/www.messinaoggi.it\/website\/wp-json\/wp\/v2\/media\/94315"}],"wp:attachment":[{"href":"https:\/\/www.messinaoggi.it\/website\/wp-json\/wp\/v2\/media?parent=94314"}],"wp:term":[{"taxonomy":"category","embeddable":true,"href":"https:\/\/www.messinaoggi.it\/website\/wp-json\/wp\/v2\/categories?post=94314"},{"taxonomy":"post_tag","embeddable":true,"href":"https:\/\/www.messinaoggi.it\/website\/wp-json\/wp\/v2\/tags?post=94314"}],"curies":[{"name":"wp","href":"https:\/\/api.w.org\/{rel}","templated":true}]}}