{"id":94298,"date":"2022-01-20T19:07:32","date_gmt":"2022-01-20T18:07:32","guid":{"rendered":"https:\/\/www.messinaoggi.it\/website\/2022\/01\/20\/mipaaf-candida-espresso-italiano-a-patrimonio-dellunesco\/"},"modified":"2022-01-20T19:07:32","modified_gmt":"2022-01-20T18:07:32","slug":"mipaaf-candida-espresso-italiano-a-patrimonio-dellunesco","status":"publish","type":"post","link":"https:\/\/www.messinaoggi.it\/website\/2022\/01\/20\/mipaaf-candida-espresso-italiano-a-patrimonio-dellunesco\/","title":{"rendered":"Mipaaf candida espresso italiano a patrimonio dell\u2019Unesco"},"content":{"rendered":"<div>ROMA (ITALPRESS) &#8211; &#8220;In Italia il caff\u00e8 \u00e8 molto di pi\u00f9 di una semplice bevanda: \u00e8 un vero e proprio rito, \u00e8 parte integrante della nostra identit\u00e0 nazionale ed \u00e8 espressione della nostra socialit\u00e0 che ci contraddistingue nel mondo&#8221;. Cos\u00ec il sottosegretario alle Politiche agricole alimentari e forestali, Gian Marco Centinaio, annuncia l&#8217;approvazione odierna all&#8217;unanimit\u00e0 da parte del Mipaaf della candidatura a patrimonio immateriale dell&#8217;Umanit\u00e0 dell&#8217;Unesco de &#8220;Il caff\u00e8 espresso italiano tra cultura, rito, socialit\u00e0 e letteratura nelle comunit\u00e0 emblematiche da Venezia a Napoli&#8221;.<br \/>&#8220;Siamo molto soddisfatti di essere arrivati a una candidatura unitaria&#8221;, prosegue Centnaio. &#8220;Oggi stesso sar\u00e0 trasmessa alla Commissione nazionale italiana per l&#8217;Unesco e confidiamo che questa la approvi e la trasmetta entro il 31 marzo a Parigi. La tazzina di espresso rappresenta per tutti gli italiani un rito sociale e culturale che trova riscontro anche nella letteratura e che appassiona tutto il Paese, da Napoli a Venezia fino a Trieste passando per Roma e Milano. Una candidatura tanto pi\u00f9 importante in un momento storico in cui le restrizioni dovute alla pandemia hanno penalizzato i rapporti sociali, molti dei quali &#8211; conclude Centinaio &#8211; avevano come cornice il bancone o il salotto all&#8217;aperto di un bar davanti a un buon caff\u00e8 italiano&#8221;.<br \/>(ITALPRESS).<\/div>\n<div id=\"div-gpt-ad-Messinaoggi.it-DSK-300x250-corpoart\" style=\"text-align:center;margin:0 auto;\"><\/div><\/p><div id=\"videoincontent\" style=\"clear:both\";><\/div>","protected":false},"excerpt":{"rendered":"<p>ROMA (ITALPRESS) &#8211; &#8220;In Italia il caff\u00e8 \u00e8 molto di pi\u00f9 di una semplice bevanda: \u00e8 un vero e proprio rito, \u00e8 parte integrante della nostra identit\u00e0 nazionale ed \u00e8 espressione della nostra socialit\u00e0 che ci contraddistingue nel mondo&#8221;. Cos\u00ec il sottosegretario alle Politiche agricole alimentari e forestali, Gian Marco Centinaio, annuncia l&#8217;approvazione odierna all&#8217;unanimit\u00e0 [&hellip;]<\/p>\n","protected":false},"author":18,"featured_media":94299,"comment_status":"closed","ping_status":"closed","sticky":false,"template":"","format":"standard","meta":{"ub_ctt_via":"","_mi_skip_tracking":false},"categories":[446],"tags":[783],"featured_image_src":"https:\/\/www.messinaoggi.it\/website\/wp-content\/uploads\/2022\/01\/20220120_2210.jpg","author_info":{"display_name":"Admin","author_link":"https:\/\/www.messinaoggi.it\/website\/author\/admin\/"},"digistream_id":0,"digistream":false,"_links":{"self":[{"href":"https:\/\/www.messinaoggi.it\/website\/wp-json\/wp\/v2\/posts\/94298"}],"collection":[{"href":"https:\/\/www.messinaoggi.it\/website\/wp-json\/wp\/v2\/posts"}],"about":[{"href":"https:\/\/www.messinaoggi.it\/website\/wp-json\/wp\/v2\/types\/post"}],"author":[{"embeddable":true,"href":"https:\/\/www.messinaoggi.it\/website\/wp-json\/wp\/v2\/users\/18"}],"replies":[{"embeddable":true,"href":"https:\/\/www.messinaoggi.it\/website\/wp-json\/wp\/v2\/comments?post=94298"}],"version-history":[{"count":0,"href":"https:\/\/www.messinaoggi.it\/website\/wp-json\/wp\/v2\/posts\/94298\/revisions"}],"wp:featuredmedia":[{"embeddable":true,"href":"https:\/\/www.messinaoggi.it\/website\/wp-json\/wp\/v2\/media\/94299"}],"wp:attachment":[{"href":"https:\/\/www.messinaoggi.it\/website\/wp-json\/wp\/v2\/media?parent=94298"}],"wp:term":[{"taxonomy":"category","embeddable":true,"href":"https:\/\/www.messinaoggi.it\/website\/wp-json\/wp\/v2\/categories?post=94298"},{"taxonomy":"post_tag","embeddable":true,"href":"https:\/\/www.messinaoggi.it\/website\/wp-json\/wp\/v2\/tags?post=94298"}],"curies":[{"name":"wp","href":"https:\/\/api.w.org\/{rel}","templated":true}]}}