{"id":94260,"date":"2022-01-20T17:11:07","date_gmt":"2022-01-20T16:11:07","guid":{"rendered":"http:\/\/www.messinaoggi.it\/website\/?p=94260"},"modified":"2022-01-20T17:17:24","modified_gmt":"2022-01-20T16:17:24","slug":"green-pass-sullo-stretto-lo-stato-non-si-opporra-alle-ordinanze-di-sicilia-e-calabria","status":"publish","type":"post","link":"https:\/\/www.messinaoggi.it\/website\/2022\/01\/20\/green-pass-sullo-stretto-lo-stato-non-si-opporra-alle-ordinanze-di-sicilia-e-calabria\/","title":{"rendered":"Green pass sullo Stretto: &#8220;Lo Stato non si opporr\u00e0 alle ordinanze di Sicilia e Calabria&#8221;"},"content":{"rendered":"\n<p>Sulla questione delle isole, in particolare le ordinanze che hanno spostato in avanti di un mese l&#8217;utilizzo del green pass rafforzato nelle isole minori, \u00abdopo una consultazione con i colleghi e la Presidenza del Consiglio, posso dire che lo Stato \u00e8 orientato a non impugnare l\u2019ordinanza. C&#8217;\u00e8 un dialogo con le autorit\u00e0 regionali per far s\u00ec che nonostante il diverso regime vengano assicurate al massimo le misure di sicurezza sanitaria. Lo Stato non conta di opporsi all\u2019ordinanza dei due presidenti di Regione\u00bb. Lo ha detto il ministro delle infrastrutture,  Enrico Giovannini, in audizione alla commissione Trasporti della Camera.<div id=\"div-gpt-ad-Messinaoggi.it-DSK-300x250-corpoart\" style=\"text-align:center;margin:0 auto;\"><\/div><\/p>\n<div id=\"videoincontent\" style=\"clear:both\";><\/div>","protected":false},"excerpt":{"rendered":"<p>Sulla questione delle isole, in particolare le ordinanze che hanno spostato in avanti di un mese l&#8217;utilizzo del green pass rafforzato nelle isole minori, \u00abdopo una consultazione con i colleghi e la Presidenza del Consiglio, posso dire che lo Stato \u00e8 orientato a non impugnare l\u2019ordinanza. C&#8217;\u00e8 un dialogo con le autorit\u00e0 regionali per far [&hellip;]<\/p>\n","protected":false},"author":4,"featured_media":41816,"comment_status":"open","ping_status":"open","sticky":false,"template":"","format":"standard","meta":{"ub_ctt_via":"","_mi_skip_tracking":false},"categories":[6],"tags":[70],"featured_image_src":"https:\/\/www.messinaoggi.it\/website\/wp-content\/uploads\/2020\/03\/IMG-20200329-WA0019.jpg","author_info":{"display_name":"redme","author_link":"https:\/\/www.messinaoggi.it\/website\/author\/redme\/"},"digistream_id":0,"digistream":false,"_links":{"self":[{"href":"https:\/\/www.messinaoggi.it\/website\/wp-json\/wp\/v2\/posts\/94260"}],"collection":[{"href":"https:\/\/www.messinaoggi.it\/website\/wp-json\/wp\/v2\/posts"}],"about":[{"href":"https:\/\/www.messinaoggi.it\/website\/wp-json\/wp\/v2\/types\/post"}],"author":[{"embeddable":true,"href":"https:\/\/www.messinaoggi.it\/website\/wp-json\/wp\/v2\/users\/4"}],"replies":[{"embeddable":true,"href":"https:\/\/www.messinaoggi.it\/website\/wp-json\/wp\/v2\/comments?post=94260"}],"version-history":[{"count":1,"href":"https:\/\/www.messinaoggi.it\/website\/wp-json\/wp\/v2\/posts\/94260\/revisions"}],"predecessor-version":[{"id":94263,"href":"https:\/\/www.messinaoggi.it\/website\/wp-json\/wp\/v2\/posts\/94260\/revisions\/94263"}],"wp:featuredmedia":[{"embeddable":true,"href":"https:\/\/www.messinaoggi.it\/website\/wp-json\/wp\/v2\/media\/41816"}],"wp:attachment":[{"href":"https:\/\/www.messinaoggi.it\/website\/wp-json\/wp\/v2\/media?parent=94260"}],"wp:term":[{"taxonomy":"category","embeddable":true,"href":"https:\/\/www.messinaoggi.it\/website\/wp-json\/wp\/v2\/categories?post=94260"},{"taxonomy":"post_tag","embeddable":true,"href":"https:\/\/www.messinaoggi.it\/website\/wp-json\/wp\/v2\/tags?post=94260"}],"curies":[{"name":"wp","href":"https:\/\/api.w.org\/{rel}","templated":true}]}}