{"id":942,"date":"2017-05-29T17:18:41","date_gmt":"2017-05-29T15:18:41","guid":{"rendered":"http:\/\/www.messinaoggi.it\/website\/?p=942"},"modified":"2017-05-29T17:18:41","modified_gmt":"2017-05-29T15:18:41","slug":"weekend-di-grande-musica-al-teatro-vittorio-emanuele","status":"publish","type":"post","link":"https:\/\/www.messinaoggi.it\/website\/2017\/05\/29\/weekend-di-grande-musica-al-teatro-vittorio-emanuele\/","title":{"rendered":"Weekend di grande musica al Teatro Vittorio Emanuele"},"content":{"rendered":"<p>Continua il successo dei\u00a0 weekend di grande musica al Teatro Vittorio \u00a0Emanuele. Protagonista questa settimana sar\u00e0 \u00a0Daniele Caminiti, nato in Sicilia nel 1978. Giovanissimo intraprende \u00a0lo studio della chitarra\u00a0classica e grazie al suo talento da solista otterr\u00e0\u00a0 numerosi \u00a0premi in concorsi nazionali ed internazionali e d\u00e0 vita ad un\u2019intensa attivit\u00e0 concertistica che lo porta ad esibirsi, ancora\u00a0tredicenne, alla \u201cGasteig\u201d di Monaco di Baviera.<br \/>\nUna volta diplomatosi in Italia, studia per tre anni con Oscar Ghiglia nella konzertklasse\u00a0della Musikakademie di Basilea ove consegue il diploma finale con \u201ceccellente\u201d.<br \/>\nIn seguito al suo interesse per la musica antica si dedica interamente allo studio del\u00a0repertorio rinascimentale e barocco su strumenti d\u2019epoca quali arciliuto, tiorba, liuto\u00a0rinascimentale, chitarra barocca e romantica e diviene allievo di Peter Croton alla Schola\u00a0Cantorum Basiliensis, curando sia la letteratura solistica che quella cameristica.<br \/>\nNegli ultimi anni ha effettuato parecchie registrazioni discografiche, radiofoniche e\u00a0televisive per etichette ed emittenti fra le pi\u00f9 prestigiose (Deutsche Grammophon, Decca,\u00a0Deutche Harmonia Mundi, Harmonia Mundi France, Sony BMG, Pan Classics, Glossa,\u00a0Channel Classics, Tactus, MV Cremona, Rai Radio 3, Schweizer Radio 2, \u00d6sterreichische\u00a0Rundfunk, Arte, BBC) e suonato con svariati direttori e solisti fra i quali Andrea Marcon,\u00a0Giovanni Antonini, Enrico Onofri, Ottavio Dantone, Diego Fasolis, Attilio Cremonesi, Rub\u00e9n\u00a0Dubrovsky, Michael Hofstetter, J\u00f6rg Halubek, Christian Curnyn, Rachel Podger, Chiara\u00a0Banchini, Julia Schr\u00f6der, Maurice Steger, Sergio Azzolini, Antonio Politano, Alfredo\u00a0Bernardini, Marc Hanta\u00ef, Jesper Christensen, J\u00f6rg-Andreas B\u00f6tticher, Pierre-Andr\u00e9 Taillard,\u00a0Edoardo Torbianelli, Cecilia Bartoli, Bernarda Fink, Veronica Cangemi, Sonia Prina, Roberta\u00a0Invernizzi, Maria Cristina Kiehr, Andreas Scholl, Magdalena Kozena, Patricia Petibon, Claire\u00a0Lefilli\u00e2tre.<br \/>\nSuona regolarmente, sia come continuista che come solista, con numerosi gruppi\u00a0barocchi ed enti orchestrali, fra cui &#8220;Venice Baroque Orchestra&#8221;, &#8220;Giardino Armonico&#8221;, &#8220;La Cetra&#8221;, &#8220;Kammerorchester Basel&#8221;, &#8220;I Barocchisti&#8221;, &#8220;Bach Consort Wien&#8221;, &#8220;Il Gusto Barocco&#8221;,\u00a0&#8220;Holland Baroque Society&#8221;, &#8220;Z\u00fcrcher Barockorchester&#8221;, i solisti della &#8220;Bayerischer Rundfunk&#8221;.<br \/>\n<img loading=\"lazy\" src=\"http:\/\/www.messinaoggi.eu\/uploads\/Maria%20Antonella%20Saia\/Spettacoli\/Daniele%20Caminiti.jpg\" alt=\"\" width=\"365\" height=\"632\" \/><br \/>\nIn programma il vasto repertorio di Antonio Vivaldi tra cui ricordiamo:<br \/>\nSinfonia per Archi in Do M (RV 11a)<br \/>\n&#8211;\u00a0Concerto per due Violini ed Archi in LA m (RV 522)<br \/>\n&#8211;\u00a0Concerto per Archi e b.c. in Sol m (RV 157)<br \/>\n&#8211;\u00a0Concerto per due Violoncelli ed Archi in Sol m (RV 531)<br \/>\n&#8211;\u00a0Concerto per Liuto, Archi e b.c. in Re M (RV 93)<br \/>\nArcangelo Corelli\u00a0(1653-1713)<br \/>\n&#8211;\u00a0Concerto Grosso in Re M op. 6 n. 4<br \/>\nFrancesco Geminiani\u00a0(1687-1762)<br \/>\n&#8211;\u00a0\u201cLa Follia\u201d Concerto Grosso op.5 n.12<br \/>\nAncora una volta, dunque, \u00a0sul palco del\u00a0 Teatro Vittorio Emanuele una selezione musicale che sera dopo sera (venerd\u00ec e sabato ore 21.00, domenica ore 17.30) e nota dopo nota regaler\u00e0 al pubblico incredibili emozioni.<div id=\"div-gpt-ad-Messinaoggi.it-DSK-300x250-corpoart\" style=\"text-align:center;margin:0 auto;\"><\/div><\/p>\n<div id=\"videoincontent\" style=\"clear:both\";><\/div>","protected":false},"excerpt":{"rendered":"<p>Continua il successo dei\u00a0 weekend di grande musica al Teatro Vittorio \u00a0Emanuele. Protagonista questa settimana sar\u00e0 \u00a0Daniele Caminiti, nato in Sicilia nel 1978. Giovanissimo intraprende \u00a0lo studio della chitarra\u00a0classica e grazie al suo talento da solista otterr\u00e0\u00a0 numerosi \u00a0premi in concorsi nazionali ed internazionali e d\u00e0 vita ad un\u2019intensa attivit\u00e0 concertistica che lo porta ad [&hellip;]<\/p>\n","protected":false},"author":5,"featured_media":943,"comment_status":"closed","ping_status":"open","sticky":false,"template":"","format":"standard","meta":{"ub_ctt_via":"","_mi_skip_tracking":false},"categories":[17],"tags":[],"featured_image_src":"https:\/\/www.messinaoggi.it\/website\/wp-content\/uploads\/2017\/05\/Teatro-Vittorio-Emanuele-2.jpg","author_info":{"display_name":"Maria Antonella Saia","author_link":"https:\/\/www.messinaoggi.it\/website\/author\/m-saia\/"},"digistream_id":0,"digistream":false,"_links":{"self":[{"href":"https:\/\/www.messinaoggi.it\/website\/wp-json\/wp\/v2\/posts\/942"}],"collection":[{"href":"https:\/\/www.messinaoggi.it\/website\/wp-json\/wp\/v2\/posts"}],"about":[{"href":"https:\/\/www.messinaoggi.it\/website\/wp-json\/wp\/v2\/types\/post"}],"author":[{"embeddable":true,"href":"https:\/\/www.messinaoggi.it\/website\/wp-json\/wp\/v2\/users\/5"}],"replies":[{"embeddable":true,"href":"https:\/\/www.messinaoggi.it\/website\/wp-json\/wp\/v2\/comments?post=942"}],"version-history":[{"count":0,"href":"https:\/\/www.messinaoggi.it\/website\/wp-json\/wp\/v2\/posts\/942\/revisions"}],"wp:featuredmedia":[{"embeddable":true,"href":"https:\/\/www.messinaoggi.it\/website\/wp-json\/wp\/v2\/media\/943"}],"wp:attachment":[{"href":"https:\/\/www.messinaoggi.it\/website\/wp-json\/wp\/v2\/media?parent=942"}],"wp:term":[{"taxonomy":"category","embeddable":true,"href":"https:\/\/www.messinaoggi.it\/website\/wp-json\/wp\/v2\/categories?post=942"},{"taxonomy":"post_tag","embeddable":true,"href":"https:\/\/www.messinaoggi.it\/website\/wp-json\/wp\/v2\/tags?post=942"}],"curies":[{"name":"wp","href":"https:\/\/api.w.org\/{rel}","templated":true}]}}