{"id":94065,"date":"2022-01-19T09:07:35","date_gmt":"2022-01-19T08:07:35","guid":{"rendered":"https:\/\/www.messinaoggi.it\/website\/2022\/01\/19\/costa-il-sistema-dei-colori-non-ha-piu-senso-resti-solo-zona-rossa\/"},"modified":"2022-01-19T09:28:08","modified_gmt":"2022-01-19T08:28:08","slug":"costa-il-sistema-dei-colori-non-ha-piu-senso-resti-solo-zona-rossa","status":"publish","type":"post","link":"https:\/\/www.messinaoggi.it\/website\/2022\/01\/19\/costa-il-sistema-dei-colori-non-ha-piu-senso-resti-solo-zona-rossa\/","title":{"rendered":"Costa \u201cIl sistema dei colori non ha pi\u00f9 senso, resti solo zona rossa\u201d"},"content":{"rendered":"<div>ROMA (ITALPRESS) &#8211; &#8220;Ora che c&#8217;\u00e8 il super green pass e lo scenario \u00e8 cambiato che senso hanno ancora i colori delle Regioni?&#8221;. Lo dice il sottosegretario alla Salute Andrea Costa in una intervista al Corriere della Sera. &#8220;Bisogna avviare con le Regioni &#8211; aggiunge &#8211; un percorso per il loro superamento. Dobbiamo ricordarci come \u00e8 nato quel sistema. In tempi nei quali il crescere del contagio rendeva necessario porre in atto limiti alla libert\u00e0 generalizzata&#8221;. Costa ricorda che &#8220;sono state messe a punto misure pi\u00f9 restrittive e puntuali. C&#8217;\u00e8 il super green pass e la semplificazione. E c&#8217;\u00e8 una platea del 90 per cento di vaccinati. Di fronte a questo il sistema dei colori generalizzati non ha pi\u00f9 senso. L&#8217;unico criterio che deve rimanere \u00e8 quello della zona rossa&#8221;. Non \u00e8 pericoloso? &#8220;Ne ho parlato con qualche interlocutore nel comitato scientifico e condividono. Bisogna semplificare e agevolare&#8221;.<br \/>(ITALPRESS).<\/div>\n<div id=\"div-gpt-ad-Messinaoggi.it-DSK-300x250-corpoart\" style=\"text-align:center;margin:0 auto;\"><\/div><\/p><div id=\"videoincontent\" style=\"clear:both\";><\/div>","protected":false},"excerpt":{"rendered":"<p>ROMA (ITALPRESS) &#8211; &#8220;Ora che c&#8217;\u00e8 il super green pass e lo scenario \u00e8 cambiato che senso hanno ancora i colori delle Regioni?&#8221;. Lo dice il sottosegretario alla Salute Andrea Costa in una intervista al Corriere della Sera. &#8220;Bisogna avviare con le Regioni &#8211; aggiunge &#8211; un percorso per il loro superamento. Dobbiamo ricordarci come [&hellip;]<\/p>\n","protected":false},"author":18,"featured_media":94066,"comment_status":"closed","ping_status":"closed","sticky":false,"template":"","format":"standard","meta":{"ub_ctt_via":"","_mi_skip_tracking":false},"categories":[221,446],"tags":[783],"featured_image_src":"https:\/\/www.messinaoggi.it\/website\/wp-content\/uploads\/2022\/01\/20220119_0108.jpg","author_info":{"display_name":"Admin","author_link":"https:\/\/www.messinaoggi.it\/website\/author\/admin\/"},"digistream_id":0,"digistream":false,"_links":{"self":[{"href":"https:\/\/www.messinaoggi.it\/website\/wp-json\/wp\/v2\/posts\/94065"}],"collection":[{"href":"https:\/\/www.messinaoggi.it\/website\/wp-json\/wp\/v2\/posts"}],"about":[{"href":"https:\/\/www.messinaoggi.it\/website\/wp-json\/wp\/v2\/types\/post"}],"author":[{"embeddable":true,"href":"https:\/\/www.messinaoggi.it\/website\/wp-json\/wp\/v2\/users\/18"}],"replies":[{"embeddable":true,"href":"https:\/\/www.messinaoggi.it\/website\/wp-json\/wp\/v2\/comments?post=94065"}],"version-history":[{"count":1,"href":"https:\/\/www.messinaoggi.it\/website\/wp-json\/wp\/v2\/posts\/94065\/revisions"}],"predecessor-version":[{"id":94067,"href":"https:\/\/www.messinaoggi.it\/website\/wp-json\/wp\/v2\/posts\/94065\/revisions\/94067"}],"wp:featuredmedia":[{"embeddable":true,"href":"https:\/\/www.messinaoggi.it\/website\/wp-json\/wp\/v2\/media\/94066"}],"wp:attachment":[{"href":"https:\/\/www.messinaoggi.it\/website\/wp-json\/wp\/v2\/media?parent=94065"}],"wp:term":[{"taxonomy":"category","embeddable":true,"href":"https:\/\/www.messinaoggi.it\/website\/wp-json\/wp\/v2\/categories?post=94065"},{"taxonomy":"post_tag","embeddable":true,"href":"https:\/\/www.messinaoggi.it\/website\/wp-json\/wp\/v2\/tags?post=94065"}],"curies":[{"name":"wp","href":"https:\/\/api.w.org\/{rel}","templated":true}]}}