{"id":93957,"date":"2022-01-18T12:07:37","date_gmt":"2022-01-18T11:07:37","guid":{"rendered":"https:\/\/www.messinaoggi.it\/website\/2022\/01\/18\/autogrill-belsito-puntiamo-sui-giovani-per-la-ripartenza\/"},"modified":"2022-01-18T12:07:37","modified_gmt":"2022-01-18T11:07:37","slug":"autogrill-belsito-puntiamo-sui-giovani-per-la-ripartenza","status":"publish","type":"post","link":"https:\/\/www.messinaoggi.it\/website\/2022\/01\/18\/autogrill-belsito-puntiamo-sui-giovani-per-la-ripartenza\/","title":{"rendered":"Autogrill, Belsito \u201cPuntiamo sui giovani per la ripartenza\u201d"},"content":{"rendered":"<div>PALERMO (ITALPRESS) &#8211; &#8220;Quella che stiamo vivendo \u00e8 una crisi sanitaria ma soprattutto organizzativa. Una crisi che ha limitato la mobilit\u00e0, elemento di cui vive la nostra azienda. Ma anche nel primo lockdown siamo sempre rimasti aperti per svolgere il servizio pubblico che abbiamo sempre garantito&#8221;. Cos\u00ec Gabriele Belsito, HR Director Europe-Italy di Autogrill, intervistato dall&#8217;Italpress. &#8220;E&#8217; stato un periodo complesso che abbiamo gestito assicurando la continuit\u00e0 di servizio. Oggi la situazione \u00e8 diversa ma la mobilit\u00e0, soprattutto quella a lungo raggio, non \u00e8 ancora pienamente ripartita, gli effetti della crisi si sentono ancora. Gli andamenti del traffico sono diversi tra canali e canali, alcuni soffrono di pi\u00f9 come gli aeroporti, l&#8217;autostrada ha dato segni di ripresa pi\u00f9 rapidi. Non abbiamo mai smesso di investire, per questo &#8211; continua Belsito &#8211; abbiamo lanciato in Sicilia Campus Autogrill, un&#8217;iniziativa rivolta all&#8217;inserimento lavorativo dei giovani&#8221;.<br \/>&#8220;Abbiamo innovato con la ristrutturazione di alcuni punti vendita, ma anche nell&#8217;offerta prodotti. Dobbiamo essere pronti per la ripartenza e persone preparate sono necessarie &#8211; aggiunge il manager -. Il progetto ha l&#8217;obiettivo di reclutare 40 giovani in Sicilia che faranno un periodo di formazione pratica e teorica per un mese e un&#8217;esperienza lavorativa di sei mesi per essere poi inseriti in azienda con un apprendistato professionalizzante per la funzione di responsabile di servizio, il primo livello di middle management nei nostri punti vendita&#8221;.<br \/>Dalle istituzioni e dal sistema della formazione &#8220;abbiamo trovato rispondenza e appoggio anche se noi, essendo una grande azienda, un tipo di percorso come questo possiamo strutturarlo con investimenti autonomi. Per realt\u00e0 pi\u00f9 piccole della nostra potrebbe essere pi\u00f9 difficile, ma possiamo essere da esempio. Queste realt\u00e0 potrebbero unire le forze mettendosi insieme, facendo rete. Il mondo della ristorazione ha bisogno di ripartire e per farlo servono persone competenti e motivate. Un giovane pu\u00f2 sviluppare da noi la cultura del lavoro, maturando la capacit\u00e0 di svolgere attivit\u00e0 di bar e ristorazione in un&#8217;azienda che da tanti anni opera su tutto il territorio nazionale&#8221;, conclude Belsito.<br \/>(ITALPRESS).<\/div>\n<div id=\"div-gpt-ad-Messinaoggi.it-DSK-300x250-corpoart\" style=\"text-align:center;margin:0 auto;\"><\/div><\/p><div id=\"videoincontent\" style=\"clear:both\";><\/div>","protected":false},"excerpt":{"rendered":"<p>PALERMO (ITALPRESS) &#8211; &#8220;Quella che stiamo vivendo \u00e8 una crisi sanitaria ma soprattutto organizzativa. Una crisi che ha limitato la mobilit\u00e0, elemento di cui vive la nostra azienda. Ma anche nel primo lockdown siamo sempre rimasti aperti per svolgere il servizio pubblico che abbiamo sempre garantito&#8221;. Cos\u00ec Gabriele Belsito, HR Director Europe-Italy di Autogrill, intervistato [&hellip;]<\/p>\n","protected":false},"author":18,"featured_media":93958,"comment_status":"closed","ping_status":"closed","sticky":false,"template":"","format":"standard","meta":{"ub_ctt_via":"","_mi_skip_tracking":false},"categories":[446],"tags":[783],"featured_image_src":"https:\/\/www.messinaoggi.it\/website\/wp-content\/uploads\/2022\/01\/20220118_0280.jpg","author_info":{"display_name":"Admin","author_link":"https:\/\/www.messinaoggi.it\/website\/author\/admin\/"},"digistream_id":0,"digistream":false,"_links":{"self":[{"href":"https:\/\/www.messinaoggi.it\/website\/wp-json\/wp\/v2\/posts\/93957"}],"collection":[{"href":"https:\/\/www.messinaoggi.it\/website\/wp-json\/wp\/v2\/posts"}],"about":[{"href":"https:\/\/www.messinaoggi.it\/website\/wp-json\/wp\/v2\/types\/post"}],"author":[{"embeddable":true,"href":"https:\/\/www.messinaoggi.it\/website\/wp-json\/wp\/v2\/users\/18"}],"replies":[{"embeddable":true,"href":"https:\/\/www.messinaoggi.it\/website\/wp-json\/wp\/v2\/comments?post=93957"}],"version-history":[{"count":0,"href":"https:\/\/www.messinaoggi.it\/website\/wp-json\/wp\/v2\/posts\/93957\/revisions"}],"wp:featuredmedia":[{"embeddable":true,"href":"https:\/\/www.messinaoggi.it\/website\/wp-json\/wp\/v2\/media\/93958"}],"wp:attachment":[{"href":"https:\/\/www.messinaoggi.it\/website\/wp-json\/wp\/v2\/media?parent=93957"}],"wp:term":[{"taxonomy":"category","embeddable":true,"href":"https:\/\/www.messinaoggi.it\/website\/wp-json\/wp\/v2\/categories?post=93957"},{"taxonomy":"post_tag","embeddable":true,"href":"https:\/\/www.messinaoggi.it\/website\/wp-json\/wp\/v2\/tags?post=93957"}],"curies":[{"name":"wp","href":"https:\/\/api.w.org\/{rel}","templated":true}]}}