{"id":93930,"date":"2022-01-18T09:07:35","date_gmt":"2022-01-18T08:07:35","guid":{"rendered":"https:\/\/www.messinaoggi.it\/website\/2022\/01\/18\/quirinale-carfagna-berlusconi-divisivo-sinistra-e-surreale\/"},"modified":"2022-01-18T09:39:13","modified_gmt":"2022-01-18T08:39:13","slug":"quirinale-carfagna-berlusconi-divisivo-sinistra-e-surreale","status":"publish","type":"post","link":"https:\/\/www.messinaoggi.it\/website\/2022\/01\/18\/quirinale-carfagna-berlusconi-divisivo-sinistra-e-surreale\/","title":{"rendered":"Quirinale, Carfagna \u201cBerlusconi divisivo? Sinistra \u00e8 surreale\u201d"},"content":{"rendered":"<div>ROMA (ITALPRESS) &#8211; &#8220;Assurda questa rappresentazione della sinistra sulla figura divisiva di Berlusconi&#8221;. Lo dice, in un&#8217;intervista al Giornale, Mara Carfagna, ministro per il Sud e la coesione territoriale. &#8220;Letta &#8211; aggiunge &#8211; parlava alla platea del Pd, e capisco l&#8217;ansia di rassicurare il partito sulla possibilit\u00e0 di esercitare un ruolo in questa elezione. Ho trovato politicamente inconsistente il ragionamento su &#8216;Berlusconi divisiv\u00f2. Fino a ieri Berlusconi era considerato dalle sinistre in modo diametralmente opposto, direi &#8216;condivisiv\u00f2, nel senso che la sua presenza moderata, europeista, liberale consentiva di &#8216;condivider\u00e8 soluzioni di governo altrimenti impossibili, spesso anche in contrasto con gli alleati sovranisti di Lega e Fdi&#8221; afferma. &#8220;Nell&#8217;ultimo anno il Pd non ha fatto che esaltare Berlusconi come perno delle larghe intese in funzione stabilizzatrice e anti-populista, addirittura tifando per la famosa maggioranza Ursula. Il cambio di registro a cui abbiamo assistito \u00e8 davvero surreale. La sinistra non pu\u00f2 giudicare un leader presentabile quando si tratta di sostenere il governo di Enrico Letta; votare la presidenza europea di Ursula von der Leyen; salvare il Paese dal caos insediando il governo di Mario Draghi e poi, all&#8217;improvviso, trattarlo come un impresentabile&#8221;.<br \/>(ITALPRESS).<\/div>\n<div id=\"div-gpt-ad-Messinaoggi.it-DSK-300x250-corpoart\" style=\"text-align:center;margin:0 auto;\"><\/div><\/p><div id=\"videoincontent\" style=\"clear:both\";><\/div>","protected":false},"excerpt":{"rendered":"<p>ROMA (ITALPRESS) &#8211; &#8220;Assurda questa rappresentazione della sinistra sulla figura divisiva di Berlusconi&#8221;. Lo dice, in un&#8217;intervista al Giornale, Mara Carfagna, ministro per il Sud e la coesione territoriale. &#8220;Letta &#8211; aggiunge &#8211; parlava alla platea del Pd, e capisco l&#8217;ansia di rassicurare il partito sulla possibilit\u00e0 di esercitare un ruolo in questa elezione. Ho [&hellip;]<\/p>\n","protected":false},"author":18,"featured_media":93931,"comment_status":"closed","ping_status":"closed","sticky":false,"template":"","format":"standard","meta":{"ub_ctt_via":"","_mi_skip_tracking":false},"categories":[446,4],"tags":[783],"featured_image_src":"https:\/\/www.messinaoggi.it\/website\/wp-content\/uploads\/2022\/01\/20220118_0100.jpg","author_info":{"display_name":"Admin","author_link":"https:\/\/www.messinaoggi.it\/website\/author\/admin\/"},"digistream_id":0,"digistream":false,"_links":{"self":[{"href":"https:\/\/www.messinaoggi.it\/website\/wp-json\/wp\/v2\/posts\/93930"}],"collection":[{"href":"https:\/\/www.messinaoggi.it\/website\/wp-json\/wp\/v2\/posts"}],"about":[{"href":"https:\/\/www.messinaoggi.it\/website\/wp-json\/wp\/v2\/types\/post"}],"author":[{"embeddable":true,"href":"https:\/\/www.messinaoggi.it\/website\/wp-json\/wp\/v2\/users\/18"}],"replies":[{"embeddable":true,"href":"https:\/\/www.messinaoggi.it\/website\/wp-json\/wp\/v2\/comments?post=93930"}],"version-history":[{"count":1,"href":"https:\/\/www.messinaoggi.it\/website\/wp-json\/wp\/v2\/posts\/93930\/revisions"}],"predecessor-version":[{"id":93935,"href":"https:\/\/www.messinaoggi.it\/website\/wp-json\/wp\/v2\/posts\/93930\/revisions\/93935"}],"wp:featuredmedia":[{"embeddable":true,"href":"https:\/\/www.messinaoggi.it\/website\/wp-json\/wp\/v2\/media\/93931"}],"wp:attachment":[{"href":"https:\/\/www.messinaoggi.it\/website\/wp-json\/wp\/v2\/media?parent=93930"}],"wp:term":[{"taxonomy":"category","embeddable":true,"href":"https:\/\/www.messinaoggi.it\/website\/wp-json\/wp\/v2\/categories?post=93930"},{"taxonomy":"post_tag","embeddable":true,"href":"https:\/\/www.messinaoggi.it\/website\/wp-json\/wp\/v2\/tags?post=93930"}],"curies":[{"name":"wp","href":"https:\/\/api.w.org\/{rel}","templated":true}]}}