{"id":93924,"date":"2022-01-18T07:45:31","date_gmt":"2022-01-18T06:45:31","guid":{"rendered":"http:\/\/www.messinaoggi.it\/website\/?p=93924"},"modified":"2022-01-18T09:39:37","modified_gmt":"2022-01-18T08:39:37","slug":"obbligo-super-green-pass-tra-lo-stretto-de-luca-minaccia-sciopero-della-fame","status":"publish","type":"post","link":"https:\/\/www.messinaoggi.it\/website\/2022\/01\/18\/obbligo-super-green-pass-tra-lo-stretto-de-luca-minaccia-sciopero-della-fame\/","title":{"rendered":"Obbligo Super green pass tra lo Stretto, De Luca minaccia sciopero della fame"},"content":{"rendered":"\n<p>Seconda notte in tenda per il sindaco Cateno De Luca, che prosegue con la sua protesta, alla rada San Francesco, contro l\u2019obbligo del green pass rafforzato per l\u2019attraversamento dello Stretto. Com\u2019\u00e8 noto, il motivo della protesta \u00e8 che da tale obbligo verrebbe meno la continuit\u00e0 territoriale in Italia, proprio perch\u00e9 i soggetti non vaccinati rimarrebbero confinati in Sicilia \u2013 discorso analogo vale per la Sardegna \u2013 considerato che non possono spostarsi con mezzi propri tra le sponde dello Stretto.<div id=\"div-gpt-ad-Messinaoggi.it-DSK-300x250-corpoart\" style=\"text-align:center;margin:0 auto;\"><\/div><\/p>\n\n\n\n<p>\u201cProprio perch\u00e9 l\u2019Italia non pu\u00f2 fermarsi a Reggio Calabria mi trovo qui per protestare, gi\u00e0 stanotte ho dormito in una tenda da campeggio, pazienter\u00f2 ancora qualche giorno \u2013 ha detto ieri De Luca \u2013 e se la sfida che lo Stato vuole fare alla Sicilia \u00e8 questa, io la accolgo ma arrivati a questo punto, dall\u2019occupazione pacifica si passer\u00e0 ad un\u2019altra reazione. Una reazione voluta da chi, in questo momento, con un semplice colpo di penna, non vuole rendere giustizia alle nostre prerogative della continuit\u00e0 territoriale, al proprio diritto dei cittadini di tornare al proprio domicilio, alla propria abitazione.<div id=\"videoincontent\" style=\"clear:both\";><\/div><\/p>\n\n\n\n<p>\u201cPrima di fare un sequestro di Stato non \u00e8 logico prima, dare la possibilit\u00e0 a coloro che sono in difetto secondo la normativa di regolarizzarsi? Bastava con un altrettanto colpo di penna inserire una deroga per la Sicilia e la Sardegna come previsto per le isole minori. Se questa \u00e8 la sfida dello Stato allora vuol dire che dopo avere scritto al Presidente Draghi per ben tre volte e da ieri occupo lo Stretto in maniera pacifica, adesso in mancanza di risposte alzer\u00f2 il livello di questa manifestazione. Confidiamo che Musumeci faccia un provvedimento che mi consentir\u00e0 di tornare a dormire a casa, altrimenti passer\u00f2 qui la notte dormendo in tenda. Domani [Oggi, ndr] verr\u00e0 a trovarmi il Presidente dell\u2019Ars Gianfranco Miccich\u00e9, per manifestare la sua presa di posizione che sar\u00e0 poi tradotta in aula con un dibattito nel pomeriggio e forse con una mozione\u201d.<\/p>\n\n\n\n<p>Intanto proprio ieri, alle 20.30 circa, \u00e8 scaduto l\u2019ultimatum che il Presidente della Regione Nello Musumeci, ha mandato al ministro della Salute Roberto Speranza per risolvere la situazione dei collegamenti sullo Stretto di Messina. Immediatamente scadute le 24 ore dalla nota inviata, Musumeci si \u00e8 riservato di assumere in autonomia i provvedimenti consequenziali. De Luca, nel frattempo, ha annunciato che inizier\u00e0 lo sciopero della fame, sino a quando questo problema non sar\u00e0 definitivamente risolto: \u201cSe non si cambia qualcosa, &#8211; conclude De Luca &#8211; prima di portare alla fame i siciliani comincio io lo sciopero della fame. Resto qui e vi assicuro che non sar\u00f2 solo nella mia protesta perch\u00e9 non mi sono mai tirato indietro e mai lo far\u00f2, e cos\u00ec scopriremo la tempra dei siciliani e quali sono i valori che li portano a definirli un popolo\u201d.<\/p>\n","protected":false},"excerpt":{"rendered":"<p>Seconda notte in tenda per il sindaco Cateno De Luca, che prosegue con la sua protesta, alla rada San Francesco, contro l\u2019obbligo del green pass rafforzato per l\u2019attraversamento dello Stretto. Com\u2019\u00e8 noto, il motivo della protesta \u00e8 che da tale obbligo verrebbe meno la continuit\u00e0 territoriale in Italia, proprio perch\u00e9 i soggetti non vaccinati rimarrebbero [&hellip;]<\/p>\n","protected":false},"author":8,"featured_media":42207,"comment_status":"open","ping_status":"open","sticky":false,"template":"","format":"standard","meta":{"ub_ctt_via":"","_mi_skip_tracking":false},"categories":[19,6],"tags":[3778],"featured_image_src":"https:\/\/www.messinaoggi.it\/website\/wp-content\/uploads\/2020\/04\/IMG-20200408-WA0012.jpg","author_info":{"display_name":"red..me","author_link":"https:\/\/www.messinaoggi.it\/website\/author\/redstage\/"},"digistream_id":0,"digistream":false,"_links":{"self":[{"href":"https:\/\/www.messinaoggi.it\/website\/wp-json\/wp\/v2\/posts\/93924"}],"collection":[{"href":"https:\/\/www.messinaoggi.it\/website\/wp-json\/wp\/v2\/posts"}],"about":[{"href":"https:\/\/www.messinaoggi.it\/website\/wp-json\/wp\/v2\/types\/post"}],"author":[{"embeddable":true,"href":"https:\/\/www.messinaoggi.it\/website\/wp-json\/wp\/v2\/users\/8"}],"replies":[{"embeddable":true,"href":"https:\/\/www.messinaoggi.it\/website\/wp-json\/wp\/v2\/comments?post=93924"}],"version-history":[{"count":1,"href":"https:\/\/www.messinaoggi.it\/website\/wp-json\/wp\/v2\/posts\/93924\/revisions"}],"predecessor-version":[{"id":93925,"href":"https:\/\/www.messinaoggi.it\/website\/wp-json\/wp\/v2\/posts\/93924\/revisions\/93925"}],"wp:featuredmedia":[{"embeddable":true,"href":"https:\/\/www.messinaoggi.it\/website\/wp-json\/wp\/v2\/media\/42207"}],"wp:attachment":[{"href":"https:\/\/www.messinaoggi.it\/website\/wp-json\/wp\/v2\/media?parent=93924"}],"wp:term":[{"taxonomy":"category","embeddable":true,"href":"https:\/\/www.messinaoggi.it\/website\/wp-json\/wp\/v2\/categories?post=93924"},{"taxonomy":"post_tag","embeddable":true,"href":"https:\/\/www.messinaoggi.it\/website\/wp-json\/wp\/v2\/tags?post=93924"}],"curies":[{"name":"wp","href":"https:\/\/api.w.org\/{rel}","templated":true}]}}