{"id":93906,"date":"2022-01-17T18:47:37","date_gmt":"2022-01-17T17:47:37","guid":{"rendered":"https:\/\/www.messinaoggi.it\/website\/2022\/01\/17\/progetto-campus-sicilia-di-autogrill-gia-oltre-200-candidati\/"},"modified":"2022-01-17T18:47:37","modified_gmt":"2022-01-17T17:47:37","slug":"progetto-campus-sicilia-di-autogrill-gia-oltre-200-candidati","status":"publish","type":"post","link":"https:\/\/www.messinaoggi.it\/website\/2022\/01\/17\/progetto-campus-sicilia-di-autogrill-gia-oltre-200-candidati\/","title":{"rendered":"Progetto \u201cCampus Sicilia\u201d di Autogrill, gi\u00e0 oltre 200 candidati"},"content":{"rendered":"<div>\n<p>PALERMO (ITALPRESS) \u2013 Nel fine settimana, quindi prima dell\u2019inizio del tour del Camper Autogrill, gi\u00e0 oltre 200 giovani siciliani si sono candidati al progetto \u201cCampus Sicilia\u201d con cui Autogrill offre gratuitamente un percorso formativo teorico-pratico a cui far seguire prima un contratto a tempo determinato di sei mesi nei punti vendita sul territorio nazionale per conoscere l\u2019azienda e poi \u2013 per un numero selezionato di partecipanti \u2013 un inserimento con apprendistato professionalizzante della durata di due anni per acquisire il profilo di Responsabile di servizio. Oggi inaugurazione a Palermo, a Villa Riso, del tour del Camper Autogrill nell\u2019Isola \u2013 da domani a gioved\u00ec fra Cefal\u00f9, Castelbuono e Modica \u2013 , con il saluto di Cettina Martorana, assessora alle Attivit\u00e0 produttive del Comune di Palermo e del direttore Italia-Europa delle Risorse umane di Autogrill, Gabriele Belsito.<br \/>Per Belsito ecco l\u2019identikit del candidato ideale: \u201cCerchiamo i migliori talenti, che siano anche dotati di grande passione e che vogliano conoscere bene il nostro mondo attraverso il periodo di formazione e di esperienza lavorativa nei punti vendita\u201d.<br \/>Sulla stessa linea lo chef stellato Ciccio Sultano: \u201cLa mia collaborazione con Autogrill non vuole solo portare la grande cucina in azienda, ma serve anche a collaborare con un grande partner che d\u00e0 la possibilit\u00e0 di fare rete. Io cominciai a lavorare in un bar, ho sempre coltivato la mia ambizione e oggi dico ai giovani di dare forza ai loro sogni\u201d.<br \/>Vincenzo Barbaro, delegato della Fondazione consulenti per il lavoro e presidente di Job Neet, ideatore del progetto \u201cCampus Autogrill\u201d, ha annunciato: \u201cFacciamo conoscere agli studenti questo nuovo modello di formazione-lavoro, che punta a valorizzare il talento, ossia non solo la capacit\u00e0 di sapere fare, ma anche di sapere contenere conoscenze e valori in continua evoluzione. Ci\u00f2 rappresenta la loro opportunit\u00e0 futura\u201d. \u201cInfatti \u2013 ha aggiunto \u2013 l\u2019iniziativa mira a creare un rapporto continuo con il territorio in grado di favorire lo scambio tra giovani e Autogrill con percorsi formativi per l\u2019inserimento lavorativo che potranno auspicabilmente essere replicati di anno in anno. Il modello pu\u00f2 valere non solo per Autogrill e le grandi imprese, ma anche per le piccole e medie imprese unite nella realizzazione del progetto con dei contratti di rete finalizzati\u201d.<br \/>Cesare Damiano, consulente del ministro del Lavoro, ha elogiato questo modello innovativo che introduce un sistema di tirocinio \u201cvirtuoso\u201d e ha auspicato che diventi un metodo strutturale: \u201cGi\u00e0 da ministro del Lavoro \u2013 ha ricordato \u2013 ho pi\u00f9 volte favorito percorsi di alternanza scuola-lavoro con grandi player nazionali. Per i giovani studenti \u00e8 importante guardarsi attorno e conoscere il mondo del lavoro, cos\u00ec come per coloro che lavorano \u00e8 importante non fermarsi e continuare ad aggiornarsi\u201d. <br \/>Analogamente, il presidente nazionale della Fondazione consulenti per il lavoro, Vincenzo Silvestri, ha enfatizzato il ruolo delle agenzie private di lavoro nel successo di queste iniziative volontarie delle imprese di attuare politiche attive del lavoro e ha sollecitato anche la partecipazione finanziaria delle istituzioni pubbliche. <br \/>Spunto raccolto dall\u2019assessore regionale alla Formazione professionale, Roberto Lagalla, che ha invitato Autogrill \u201ca partecipare al secondo bando dell\u2019Avviso 33, in scadenza a fine febbraio e che nella prima edizione, su 6 milioni di euro disponibili, ha ricevuto richieste per 9 milioni, con la partecipazione di grandi player nazionali come Costa Crociere. La Regione \u2013 ha concluso Lagalla \u2013 ha creato questo nuovo modello di formazione: le imprese possono proporre piani formativi di giovani, in collaborazione con enti di formazione, che la Regione finanzia, purch\u00e8 al termine l\u2019impresa si impegni ad assumere una percentuale dei soggetti formati. In Sicilia la formazione \u00e8 cambiata, \u00e8 migliorata, e chiediamo ai principali player nazionali, fra cui Autogrill, di avere fiducia in noi\u201d.<br \/>(ITALPRESS).<div id=\"div-gpt-ad-Messinaoggi.it-DSK-300x250-corpoart\" style=\"text-align:center;margin:0 auto;\"><\/div><\/p>\n<\/div>\n<div id=\"videoincontent\" style=\"clear:both\";><\/div>","protected":false},"excerpt":{"rendered":"<p>PALERMO (ITALPRESS) \u2013 Nel fine settimana, quindi prima dell\u2019inizio del tour del Camper Autogrill, gi\u00e0 oltre 200 giovani siciliani si sono candidati al progetto \u201cCampus Sicilia\u201d con cui Autogrill offre gratuitamente un percorso formativo teorico-pratico a cui far seguire prima un contratto a tempo determinato di sei mesi nei punti vendita sul territorio nazionale per [&hellip;]<\/p>\n","protected":false},"author":18,"featured_media":93907,"comment_status":"closed","ping_status":"closed","sticky":false,"template":"","format":"standard","meta":{"ub_ctt_via":"","_mi_skip_tracking":false},"categories":[2449],"tags":[783],"featured_image_src":"https:\/\/www.messinaoggi.it\/website\/wp-content\/uploads\/2022\/01\/20220117_1796.jpg","author_info":{"display_name":"Admin","author_link":"https:\/\/www.messinaoggi.it\/website\/author\/admin\/"},"digistream_id":0,"digistream":false,"_links":{"self":[{"href":"https:\/\/www.messinaoggi.it\/website\/wp-json\/wp\/v2\/posts\/93906"}],"collection":[{"href":"https:\/\/www.messinaoggi.it\/website\/wp-json\/wp\/v2\/posts"}],"about":[{"href":"https:\/\/www.messinaoggi.it\/website\/wp-json\/wp\/v2\/types\/post"}],"author":[{"embeddable":true,"href":"https:\/\/www.messinaoggi.it\/website\/wp-json\/wp\/v2\/users\/18"}],"replies":[{"embeddable":true,"href":"https:\/\/www.messinaoggi.it\/website\/wp-json\/wp\/v2\/comments?post=93906"}],"version-history":[{"count":0,"href":"https:\/\/www.messinaoggi.it\/website\/wp-json\/wp\/v2\/posts\/93906\/revisions"}],"wp:featuredmedia":[{"embeddable":true,"href":"https:\/\/www.messinaoggi.it\/website\/wp-json\/wp\/v2\/media\/93907"}],"wp:attachment":[{"href":"https:\/\/www.messinaoggi.it\/website\/wp-json\/wp\/v2\/media?parent=93906"}],"wp:term":[{"taxonomy":"category","embeddable":true,"href":"https:\/\/www.messinaoggi.it\/website\/wp-json\/wp\/v2\/categories?post=93906"},{"taxonomy":"post_tag","embeddable":true,"href":"https:\/\/www.messinaoggi.it\/website\/wp-json\/wp\/v2\/tags?post=93906"}],"curies":[{"name":"wp","href":"https:\/\/api.w.org\/{rel}","templated":true}]}}