{"id":93892,"date":"2022-01-17T18:07:32","date_gmt":"2022-01-17T17:07:32","guid":{"rendered":"https:\/\/www.messinaoggi.it\/website\/2022\/01\/17\/quirinale-salvini-la-lega-lavora-a-una-proposta-convincente-per-tanti\/"},"modified":"2022-01-17T18:07:32","modified_gmt":"2022-01-17T17:07:32","slug":"quirinale-salvini-la-lega-lavora-a-una-proposta-convincente-per-tanti","status":"publish","type":"post","link":"https:\/\/www.messinaoggi.it\/website\/2022\/01\/17\/quirinale-salvini-la-lega-lavora-a-una-proposta-convincente-per-tanti\/","title":{"rendered":"Quirinale, Salvini \u201cLa Lega lavora a una proposta convincente per tanti\u201d"},"content":{"rendered":"<div>ROMA (ITALPRESS) &#8211; &#8220;Sul Quirinale non ho piani B. Stiamo lavorando per avere una scelta veloce e di alto livello. La settimana prossima, quando si comincia a votare, la Lega come forza responsabile e di governo far\u00e0 una proposta che penso potr\u00e0 essere convincete, se non per tutti, per tanti&#8221;. Cos\u00ec il leader della Lega, Matteo Salvini, parlando con i giornalisti nei pressi del Senato.<br \/>&#8220;Aspettiamo che il presidente Berlusconi faccia i suoi incontri e i suoi conti. Qual \u00e8 la scadenza? Prima che si cominci a votare la settimana prossima&#8221;, ha spiegato Salvini.<br \/>&#8220;Sto lavorando a 360 gradi, sentendo sulle mie spalle la responsabilit\u00e0 della coalizione di centrodestra dobbiamo scegliere un presidente per tutti gli italiani &#8211; ha aggiunto -, ma gli italiani ci hanno dato la maggioranza relativa dei grandi elettori, quindi abbiamo l&#8217;onore e l&#8217;onere di fare una proposta. Mi dispiace che Letta metta veti&#8221;.<br \/>(ITALPRESS).<\/div>\n<div id=\"div-gpt-ad-Messinaoggi.it-DSK-300x250-corpoart\" style=\"text-align:center;margin:0 auto;\"><\/div><\/p><div id=\"videoincontent\" style=\"clear:both\";><\/div>","protected":false},"excerpt":{"rendered":"<p>ROMA (ITALPRESS) &#8211; &#8220;Sul Quirinale non ho piani B. Stiamo lavorando per avere una scelta veloce e di alto livello. La settimana prossima, quando si comincia a votare, la Lega come forza responsabile e di governo far\u00e0 una proposta che penso potr\u00e0 essere convincete, se non per tutti, per tanti&#8221;. Cos\u00ec il leader della Lega, [&hellip;]<\/p>\n","protected":false},"author":18,"featured_media":93893,"comment_status":"closed","ping_status":"closed","sticky":false,"template":"","format":"standard","meta":{"ub_ctt_via":"","_mi_skip_tracking":false},"categories":[446],"tags":[783],"featured_image_src":"https:\/\/www.messinaoggi.it\/website\/wp-content\/uploads\/2022\/01\/20220117_1567.jpg","author_info":{"display_name":"Admin","author_link":"https:\/\/www.messinaoggi.it\/website\/author\/admin\/"},"digistream_id":0,"digistream":false,"_links":{"self":[{"href":"https:\/\/www.messinaoggi.it\/website\/wp-json\/wp\/v2\/posts\/93892"}],"collection":[{"href":"https:\/\/www.messinaoggi.it\/website\/wp-json\/wp\/v2\/posts"}],"about":[{"href":"https:\/\/www.messinaoggi.it\/website\/wp-json\/wp\/v2\/types\/post"}],"author":[{"embeddable":true,"href":"https:\/\/www.messinaoggi.it\/website\/wp-json\/wp\/v2\/users\/18"}],"replies":[{"embeddable":true,"href":"https:\/\/www.messinaoggi.it\/website\/wp-json\/wp\/v2\/comments?post=93892"}],"version-history":[{"count":0,"href":"https:\/\/www.messinaoggi.it\/website\/wp-json\/wp\/v2\/posts\/93892\/revisions"}],"wp:featuredmedia":[{"embeddable":true,"href":"https:\/\/www.messinaoggi.it\/website\/wp-json\/wp\/v2\/media\/93893"}],"wp:attachment":[{"href":"https:\/\/www.messinaoggi.it\/website\/wp-json\/wp\/v2\/media?parent=93892"}],"wp:term":[{"taxonomy":"category","embeddable":true,"href":"https:\/\/www.messinaoggi.it\/website\/wp-json\/wp\/v2\/categories?post=93892"},{"taxonomy":"post_tag","embeddable":true,"href":"https:\/\/www.messinaoggi.it\/website\/wp-json\/wp\/v2\/tags?post=93892"}],"curies":[{"name":"wp","href":"https:\/\/api.w.org\/{rel}","templated":true}]}}